{"id":2751,"date":"2014-07-07T11:16:15","date_gmt":"2014-07-07T09:16:15","guid":{"rendered":"http:\/\/www.tenis-krka.org\/?p=2751"},"modified":"2019-05-27T15:15:59","modified_gmt":"2019-05-27T13:15:59","slug":"ziva-se-naprej-uspesna-v-italiji","status":"publish","type":"post","link":"http:\/\/www.tenis-krka.org\/?p=2751","title":{"rendered":"\u017diva \u0161e naprej uspe\u0161na v Italiji"},"content":{"rendered":"<p><a href=\"http:\/\/www.tenis-krka.org\/wp-content\/uploads\/2014\/07\/Italija.jpeg\"><img loading=\"lazy\" decoding=\"async\" class=\"alignleft size-medium wp-image-2752\" alt=\"Italija\" src=\"http:\/\/www.tenis-krka.org\/wp-content\/uploads\/2014\/07\/Italija-300x225.jpeg\" width=\"300\" height=\"225\" srcset=\"http:\/\/www.tenis-krka.org\/wp-content\/uploads\/2014\/07\/Italija-300x225.jpeg 300w, http:\/\/www.tenis-krka.org\/wp-content\/uploads\/2014\/07\/Italija.jpeg 640w\" sizes=\"auto, (max-width: 300px) 100vw, 300px\" \/><\/a><a href=\"http:\/\/www.tenis-krka.org\/wp-content\/uploads\/2014\/07\/Italija-2.png\"><img loading=\"lazy\" decoding=\"async\" class=\"alignleft size-medium wp-image-2753\" alt=\"Italija 2\" src=\"http:\/\/www.tenis-krka.org\/wp-content\/uploads\/2014\/07\/Italija-2-199x300.png\" width=\"199\" height=\"300\" srcset=\"http:\/\/www.tenis-krka.org\/wp-content\/uploads\/2014\/07\/Italija-2-199x300.png 199w, http:\/\/www.tenis-krka.org\/wp-content\/uploads\/2014\/07\/Italija-2.png 426w\" sizes=\"auto, (max-width: 199px) 100vw, 199px\" \/><\/a><a href=\"http:\/\/www.tenis-krka.org\/wp-content\/uploads\/2014\/07\/Italija3.jpeg\"><img loading=\"lazy\" decoding=\"async\" class=\"alignleft size-medium wp-image-2754\" alt=\"Italija3\" src=\"http:\/\/www.tenis-krka.org\/wp-content\/uploads\/2014\/07\/Italija3-300x225.jpeg\" width=\"300\" height=\"225\" srcset=\"http:\/\/www.tenis-krka.org\/wp-content\/uploads\/2014\/07\/Italija3-300x225.jpeg 300w, http:\/\/www.tenis-krka.org\/wp-content\/uploads\/2014\/07\/Italija3.jpeg 640w\" sizes=\"auto, (max-width: 300px) 100vw, 300px\" \/><\/a>\u017dIVA OSVOJILA<br \/>\nDRUGO MESTO V DVOJICAH \u00a0TE PORTO SAN GIORGIO 2014!!!<\/p>\n<p>V igri posameznic je \u017diva bila uspe\u0161na do \u010detrtfinala.<\/p>\n<p>\u010cestitamo \u017diva<\/p>\n","protected":false},"excerpt":{"rendered":"<p>\u017dIVA OSVOJILA DRUGO MESTO V DVOJICAH \u00a0TE PORTO SAN GIORGIO 2014!!! V igri posameznic je \u017diva bila uspe\u0161na do \u010detrtfinala. \u010cestitamo \u017diva<\/p>\n","protected":false},"author":1,"featured_media":0,"comment_status":"closed","ping_status":"open","sticky":false,"template":"","format":"standard","meta":{"ngg_post_thumbnail":0,"footnotes":""},"categories":[6,5],"tags":[],"class_list":["post-2751","post","type-post","status-publish","format-standard","hentry","category-rezult","category-tekm"],"aioseo_notices":[],"_links":{"self":[{"href":"http:\/\/www.tenis-krka.org\/index.php?rest_route=\/wp\/v2\/posts\/2751","targetHints":{"allow":["GET"]}}],"collection":[{"href":"http:\/\/www.tenis-krka.org\/index.php?rest_route=\/wp\/v2\/posts"}],"about":[{"href":"http:\/\/www.tenis-krka.org\/index.php?rest_route=\/wp\/v2\/types\/post"}],"author":[{"embeddable":true,"href":"http:\/\/www.tenis-krka.org\/index.php?rest_route=\/wp\/v2\/users\/1"}],"replies":[{"embeddable":true,"href":"http:\/\/www.tenis-krka.org\/index.php?rest_route=%2Fwp%2Fv2%2Fcomments&post=2751"}],"version-history":[{"count":1,"href":"http:\/\/www.tenis-krka.org\/index.php?rest_route=\/wp\/v2\/posts\/2751\/revisions"}],"predecessor-version":[{"id":2755,"href":"http:\/\/www.tenis-krka.org\/index.php?rest_route=\/wp\/v2\/posts\/2751\/revisions\/2755"}],"wp:attachment":[{"href":"http:\/\/www.tenis-krka.org\/index.php?rest_route=%2Fwp%2Fv2%2Fmedia&parent=2751"}],"wp:term":[{"taxonomy":"category","embeddable":true,"href":"http:\/\/www.tenis-krka.org\/index.php?rest_route=%2Fwp%2Fv2%2Fcategories&post=2751"},{"taxonomy":"post_tag","embeddable":true,"href":"http:\/\/www.tenis-krka.org\/index.php?rest_route=%2Fwp%2Fv2%2Ftags&post=2751"}],"curies":[{"name":"wp","href":"https:\/\/api.w.org\/{rel}","templated":true}]}}