{"id":2717,"date":"2014-06-02T08:39:30","date_gmt":"2014-06-02T06:39:30","guid":{"rendered":"http:\/\/www.tenis-krka.org\/?p=2717"},"modified":"2019-05-27T15:16:15","modified_gmt":"2019-05-27T13:16:15","slug":"ziva-falkner-dvojna-zmagovalka-tennis-europe","status":"publish","type":"post","link":"http:\/\/www.tenis-krka.org\/?p=2717","title":{"rendered":"\u017dIVA FALKNER DVOJNA ZMAGOVALKA TENNIS EUROPE"},"content":{"rendered":"<p><span style=\"font-size: large;color: #ff0000\"><strong><a href=\"http:\/\/www.tenis-krka.org\/wp-content\/uploads\/2014\/06\/\u017diva-zmagovalka-Koper-posamezno.jpg\"><img loading=\"lazy\" decoding=\"async\" class=\"alignleft size-medium wp-image-2718\" alt=\"\u017diva zmagovalka Koper posamezno\" src=\"http:\/\/www.tenis-krka.org\/wp-content\/uploads\/2014\/06\/\u017diva-zmagovalka-Koper-posamezno-192x300.jpg\" width=\"192\" height=\"300\" srcset=\"http:\/\/www.tenis-krka.org\/wp-content\/uploads\/2014\/06\/\u017diva-zmagovalka-Koper-posamezno-192x300.jpg 192w, http:\/\/www.tenis-krka.org\/wp-content\/uploads\/2014\/06\/\u017diva-zmagovalka-Koper-posamezno-657x1024.jpg 657w, http:\/\/www.tenis-krka.org\/wp-content\/uploads\/2014\/06\/\u017diva-zmagovalka-Koper-posamezno.jpg 1758w\" sizes=\"auto, (max-width: 192px) 100vw, 192px\" \/><\/a><a href=\"http:\/\/www.tenis-krka.org\/wp-content\/uploads\/2014\/06\/\u017diva-in-Gordan-Koper-2014.jpeg\"><img loading=\"lazy\" decoding=\"async\" class=\"alignleft size-medium wp-image-2720\" alt=\"\u017diva in Gordan Koper 2014\" src=\"http:\/\/www.tenis-krka.org\/wp-content\/uploads\/2014\/06\/\u017diva-in-Gordan-Koper-2014-300x225.jpeg\" width=\"300\" height=\"225\" srcset=\"http:\/\/www.tenis-krka.org\/wp-content\/uploads\/2014\/06\/\u017diva-in-Gordan-Koper-2014-300x225.jpeg 300w, http:\/\/www.tenis-krka.org\/wp-content\/uploads\/2014\/06\/\u017diva-in-Gordan-Koper-2014-1024x768.jpeg 1024w, http:\/\/www.tenis-krka.org\/wp-content\/uploads\/2014\/06\/\u017diva-in-Gordan-Koper-2014.jpeg 2048w\" sizes=\"auto, (max-width: 300px) 100vw, 300px\" \/><\/a>Na mednarodnem turnirju Tennis Europe v Kopru je \u017diva Falkner znova (prav tako kot v \u010cakovcu) osvojila naslov \u00a0posamezno in v parih.<\/strong><\/span><\/p>\n<p><strong><span style=\"font-size: medium\">Med posameznicami je slavila \u017diva FALKNER<\/span><\/strong>, ki je v izjemno kvalitetnem finalnem sre\u010danju s 6-4 6-3 premagala hrva\u0161ko igralko Noo KRZNARI\u0106.<\/p>\n<p><span style=\"font-size: medium\"><strong>V konkurenci dvojic sta pri deklicah zmagali \u017diva FALKNER in Pia LOVRI\u010c<\/strong><\/span>, ki sta v slovenskem finalu s 6-3 6-3 premagali Aleo BUBEK in Emo KOR\u0160I\u010c.<\/p>\n<p>Zadnja Slovenka, ki je osvojila turnir v Kopru je bila leta 2010 Hana MRAZ, pred njo pa leta 2009 tudi Nina POTO\u010cNIK. Obe sta danes zelo uspe\u0161ni mladinki v svetovnem merilu.<\/p>\n<p>Preko 150 mladih teni\u0161kih upov iz 16 dr\u017eav je teden dni vihtelo loparje za pokale Luke Koper. V zaklju\u010dnih dvobojih smo spremljali zelo kvalitetno igro, s katero so igralci in igralke opozorili nase. To \u0161e posebej velja za vse finaliste, ki po ocenah strokovnjakov spadajo med najbolj\u0161e evropske dvanajstletnike. (gj)<\/p>\n<p>&nbsp;<\/p>\n","protected":false},"excerpt":{"rendered":"<p>Na mednarodnem turnirju Tennis Europe v Kopru je \u017diva Falkner znova (prav tako kot v \u010cakovcu) osvojila naslov \u00a0posamezno in v parih. Med posameznicami je slavila \u017diva FALKNER, ki je v izjemno kvalitetnem finalnem sre\u010danju s 6-4 6-3 premagala hrva\u0161ko igralko Noo KRZNARI\u0106. V konkurenci dvojic sta pri deklicah zmagali \u017diva FALKNER in Pia LOVRI\u010c, [&hellip;]<\/p>\n","protected":false},"author":1,"featured_media":0,"comment_status":"closed","ping_status":"open","sticky":false,"template":"","format":"standard","meta":{"ngg_post_thumbnail":0,"footnotes":""},"categories":[6],"tags":[],"class_list":["post-2717","post","type-post","status-publish","format-standard","hentry","category-rezult"],"aioseo_notices":[],"_links":{"self":[{"href":"http:\/\/www.tenis-krka.org\/index.php?rest_route=\/wp\/v2\/posts\/2717","targetHints":{"allow":["GET"]}}],"collection":[{"href":"http:\/\/www.tenis-krka.org\/index.php?rest_route=\/wp\/v2\/posts"}],"about":[{"href":"http:\/\/www.tenis-krka.org\/index.php?rest_route=\/wp\/v2\/types\/post"}],"author":[{"embeddable":true,"href":"http:\/\/www.tenis-krka.org\/index.php?rest_route=\/wp\/v2\/users\/1"}],"replies":[{"embeddable":true,"href":"http:\/\/www.tenis-krka.org\/index.php?rest_route=%2Fwp%2Fv2%2Fcomments&post=2717"}],"version-history":[{"count":4,"href":"http:\/\/www.tenis-krka.org\/index.php?rest_route=\/wp\/v2\/posts\/2717\/revisions"}],"predecessor-version":[{"id":2725,"href":"http:\/\/www.tenis-krka.org\/index.php?rest_route=\/wp\/v2\/posts\/2717\/revisions\/2725"}],"wp:attachment":[{"href":"http:\/\/www.tenis-krka.org\/index.php?rest_route=%2Fwp%2Fv2%2Fmedia&parent=2717"}],"wp:term":[{"taxonomy":"category","embeddable":true,"href":"http:\/\/www.tenis-krka.org\/index.php?rest_route=%2Fwp%2Fv2%2Fcategories&post=2717"},{"taxonomy":"post_tag","embeddable":true,"href":"http:\/\/www.tenis-krka.org\/index.php?rest_route=%2Fwp%2Fv2%2Ftags&post=2717"}],"curies":[{"name":"wp","href":"https:\/\/api.w.org\/{rel}","templated":true}]}}