{"id":2714,"date":"2014-06-02T08:21:38","date_gmt":"2014-06-02T06:21:38","guid":{"rendered":"http:\/\/www.tenis-krka.org\/?p=2714"},"modified":"2019-05-27T15:16:15","modified_gmt":"2019-05-27T13:16:15","slug":"liga-za-clanice-2014","status":"publish","type":"post","link":"http:\/\/www.tenis-krka.org\/?p=2714","title":{"rendered":"Liga za \u010dlanice 2014"},"content":{"rendered":"<p>Liga se je za\u010dela.<\/p>\n<p><a href=\"http:\/\/www.tenis-krka.org\/wp-content\/uploads\/2014\/06\/liga-2014-\u010dlanice.jpg\"><img loading=\"lazy\" decoding=\"async\" class=\"alignleft size-medium wp-image-2715\" alt=\"liga 2014 \u010dlanice\" src=\"http:\/\/www.tenis-krka.org\/wp-content\/uploads\/2014\/06\/liga-2014-\u010dlanice-300x224.jpg\" width=\"300\" height=\"224\" srcset=\"http:\/\/www.tenis-krka.org\/wp-content\/uploads\/2014\/06\/liga-2014-\u010dlanice-300x224.jpg 300w, http:\/\/www.tenis-krka.org\/wp-content\/uploads\/2014\/06\/liga-2014-\u010dlanice-1024x764.jpg 1024w\" sizes=\"auto, (max-width: 300px) 100vw, 300px\" \/><\/a>Ekipa \u010dlanice Tk Krka Oto\u010dec 2014.<\/p>\n","protected":false},"excerpt":{"rendered":"<p>Liga se je za\u010dela. Ekipa \u010dlanice Tk Krka Oto\u010dec 2014.<\/p>\n","protected":false},"author":1,"featured_media":0,"comment_status":"closed","ping_status":"open","sticky":false,"template":"","format":"standard","meta":{"ngg_post_thumbnail":0,"footnotes":""},"categories":[31],"tags":[],"class_list":["post-2714","post","type-post","status-publish","format-standard","hentry","category-lige"],"aioseo_notices":[],"_links":{"self":[{"href":"http:\/\/www.tenis-krka.org\/index.php?rest_route=\/wp\/v2\/posts\/2714","targetHints":{"allow":["GET"]}}],"collection":[{"href":"http:\/\/www.tenis-krka.org\/index.php?rest_route=\/wp\/v2\/posts"}],"about":[{"href":"http:\/\/www.tenis-krka.org\/index.php?rest_route=\/wp\/v2\/types\/post"}],"author":[{"embeddable":true,"href":"http:\/\/www.tenis-krka.org\/index.php?rest_route=\/wp\/v2\/users\/1"}],"replies":[{"embeddable":true,"href":"http:\/\/www.tenis-krka.org\/index.php?rest_route=%2Fwp%2Fv2%2Fcomments&post=2714"}],"version-history":[{"count":1,"href":"http:\/\/www.tenis-krka.org\/index.php?rest_route=\/wp\/v2\/posts\/2714\/revisions"}],"predecessor-version":[{"id":2716,"href":"http:\/\/www.tenis-krka.org\/index.php?rest_route=\/wp\/v2\/posts\/2714\/revisions\/2716"}],"wp:attachment":[{"href":"http:\/\/www.tenis-krka.org\/index.php?rest_route=%2Fwp%2Fv2%2Fmedia&parent=2714"}],"wp:term":[{"taxonomy":"category","embeddable":true,"href":"http:\/\/www.tenis-krka.org\/index.php?rest_route=%2Fwp%2Fv2%2Fcategories&post=2714"},{"taxonomy":"post_tag","embeddable":true,"href":"http:\/\/www.tenis-krka.org\/index.php?rest_route=%2Fwp%2Fv2%2Ftags&post=2714"}],"curies":[{"name":"wp","href":"https:\/\/api.w.org\/{rel}","templated":true}]}}