{"id":2701,"date":"2014-06-02T07:50:53","date_gmt":"2014-06-02T05:50:53","guid":{"rendered":"http:\/\/www.tenis-krka.org\/?p=2701"},"modified":"2019-05-27T15:16:15","modified_gmt":"2019-05-27T13:16:15","slug":"zivi-falkner-cestitali-tudi-vodilni-iz-tzs","status":"publish","type":"post","link":"http:\/\/www.tenis-krka.org\/?p=2701","title":{"rendered":"\u017divi Falkner \u010destitali tudi vodilni iz TZS"},"content":{"rendered":"<p>\u017divi Falkner \u010destitali tudi vodilni iz TZS za izjemen uspeh in dvojno zmagoslavje na Tennis Europe v \u010cakovcu.<\/p>\n<p><img loading=\"lazy\" decoding=\"async\" class=\"alignleft size-medium wp-image-2698\" alt=\"image (4)\" src=\"http:\/\/www.tenis-krka.org\/wp-content\/uploads\/2014\/05\/image-4-300x148.jpeg\" width=\"300\" height=\"148\" srcset=\"http:\/\/www.tenis-krka.org\/wp-content\/uploads\/2014\/05\/image-4-300x148.jpeg 300w, http:\/\/www.tenis-krka.org\/wp-content\/uploads\/2014\/05\/image-4-1024x508.jpeg 1024w, http:\/\/www.tenis-krka.org\/wp-content\/uploads\/2014\/05\/image-4.jpeg 1836w\" sizes=\"auto, (max-width: 300px) 100vw, 300px\" \/><\/p>\n<p>KLIKNI SPODAJ<\/p>\n<p><span style=\"color: #ff0000\"><a href=\"http:\/\/www.tenis-krka.org\/wp-content\/uploads\/2014\/06\/Cestitka-Ziva-Falkner.pdf\"><span style=\"color: #ff0000\">Cestitka Ziva Falkner<\/span><\/a><\/span><\/p>\n","protected":false},"excerpt":{"rendered":"<p>\u017divi Falkner \u010destitali tudi vodilni iz TZS za izjemen uspeh in dvojno zmagoslavje na Tennis Europe v \u010cakovcu. KLIKNI SPODAJ Cestitka Ziva Falkner<\/p>\n","protected":false},"author":1,"featured_media":0,"comment_status":"closed","ping_status":"open","sticky":false,"template":"","format":"standard","meta":{"ngg_post_thumbnail":0,"footnotes":""},"categories":[6],"tags":[],"class_list":["post-2701","post","type-post","status-publish","format-standard","hentry","category-rezult"],"aioseo_notices":[],"_links":{"self":[{"href":"http:\/\/www.tenis-krka.org\/index.php?rest_route=\/wp\/v2\/posts\/2701","targetHints":{"allow":["GET"]}}],"collection":[{"href":"http:\/\/www.tenis-krka.org\/index.php?rest_route=\/wp\/v2\/posts"}],"about":[{"href":"http:\/\/www.tenis-krka.org\/index.php?rest_route=\/wp\/v2\/types\/post"}],"author":[{"embeddable":true,"href":"http:\/\/www.tenis-krka.org\/index.php?rest_route=\/wp\/v2\/users\/1"}],"replies":[{"embeddable":true,"href":"http:\/\/www.tenis-krka.org\/index.php?rest_route=%2Fwp%2Fv2%2Fcomments&post=2701"}],"version-history":[{"count":3,"href":"http:\/\/www.tenis-krka.org\/index.php?rest_route=\/wp\/v2\/posts\/2701\/revisions"}],"predecessor-version":[{"id":2724,"href":"http:\/\/www.tenis-krka.org\/index.php?rest_route=\/wp\/v2\/posts\/2701\/revisions\/2724"}],"wp:attachment":[{"href":"http:\/\/www.tenis-krka.org\/index.php?rest_route=%2Fwp%2Fv2%2Fmedia&parent=2701"}],"wp:term":[{"taxonomy":"category","embeddable":true,"href":"http:\/\/www.tenis-krka.org\/index.php?rest_route=%2Fwp%2Fv2%2Fcategories&post=2701"},{"taxonomy":"post_tag","embeddable":true,"href":"http:\/\/www.tenis-krka.org\/index.php?rest_route=%2Fwp%2Fv2%2Ftags&post=2701"}],"curies":[{"name":"wp","href":"https:\/\/api.w.org\/{rel}","templated":true}]}}