{"id":2693,"date":"2014-05-12T07:43:32","date_gmt":"2014-05-12T05:43:32","guid":{"rendered":"http:\/\/www.tenis-krka.org\/?p=2693"},"modified":"2019-05-27T15:16:15","modified_gmt":"2019-05-27T13:16:15","slug":"zivi-dvojni-naslov-na-tennis-europe","status":"publish","type":"post","link":"http:\/\/www.tenis-krka.org\/?p=2693","title":{"rendered":"\u017dIVI DVOJNI NASLOV NA TENNIS EUROPE"},"content":{"rendered":"<p><a href=\"http:\/\/www.tenis-krka.org\/wp-content\/uploads\/2014\/05\/Ziva-Cakovec-2014.jpeg\"><img loading=\"lazy\" decoding=\"async\" class=\"alignleft size-medium wp-image-2694\" alt=\"Ziva Cakovec 2014\" src=\"http:\/\/www.tenis-krka.org\/wp-content\/uploads\/2014\/05\/Ziva-Cakovec-2014-225x300.jpeg\" width=\"225\" height=\"300\" \/><\/a><a href=\"http:\/\/www.tenis-krka.org\/wp-content\/uploads\/2014\/05\/Cakovec-Ziva-in-Gordan.jpeg\"><img loading=\"lazy\" decoding=\"async\" class=\"alignleft size-medium wp-image-2695\" alt=\"Cakovec Ziva in Gordan\" src=\"http:\/\/www.tenis-krka.org\/wp-content\/uploads\/2014\/05\/Cakovec-Ziva-in-Gordan-225x300.jpeg\" width=\"225\" height=\"300\" srcset=\"http:\/\/www.tenis-krka.org\/wp-content\/uploads\/2014\/05\/Cakovec-Ziva-in-Gordan-225x300.jpeg 225w, http:\/\/www.tenis-krka.org\/wp-content\/uploads\/2014\/05\/Cakovec-Ziva-in-Gordan-768x1024.jpeg 768w\" sizes=\"auto, (max-width: 225px) 100vw, 225px\" \/><\/a><a href=\"http:\/\/www.tenis-krka.org\/wp-content\/uploads\/2014\/05\/image-4.jpeg\"><img loading=\"lazy\" decoding=\"async\" class=\"alignleft size-medium wp-image-2698\" alt=\"image (4)\" src=\"http:\/\/www.tenis-krka.org\/wp-content\/uploads\/2014\/05\/image-4-300x148.jpeg\" width=\"300\" height=\"148\" srcset=\"http:\/\/www.tenis-krka.org\/wp-content\/uploads\/2014\/05\/image-4-300x148.jpeg 300w, http:\/\/www.tenis-krka.org\/wp-content\/uploads\/2014\/05\/image-4-1024x508.jpeg 1024w, http:\/\/www.tenis-krka.org\/wp-content\/uploads\/2014\/05\/image-4.jpeg 1836w\" sizes=\"auto, (max-width: 300px) 100vw, 300px\" \/><\/a>V \u010cakovcu se je odvijal mednarodni teni\u0161ki turnir TENNIS EUROPE do 12 let.<\/p>\n<p><strong>\u017dIVA FALKNER JE OSVOJILA VSE KAR JE BILO MO\u017dNO.<\/strong><\/p>\n<p><span style=\"font-size: large\"><strong>PRVO MESTO MED POSAMEZNICAMI IN V PARU.<\/strong><\/span><\/p>\n<p>\u017diva je s tem \u0161e potrdila, da je veliki up evropskega tenisa.<\/p>\n<p>\u017divi in celotni njeni ekipi \u010destitamo.<\/p>\n","protected":false},"excerpt":{"rendered":"<p>V \u010cakovcu se je odvijal mednarodni teni\u0161ki turnir TENNIS EUROPE do 12 let. \u017dIVA FALKNER JE OSVOJILA VSE KAR JE BILO MO\u017dNO. PRVO MESTO MED POSAMEZNICAMI IN V PARU. \u017diva je s tem \u0161e potrdila, da je veliki up evropskega tenisa. \u017divi in celotni njeni ekipi \u010destitamo.<\/p>\n","protected":false},"author":1,"featured_media":0,"comment_status":"closed","ping_status":"open","sticky":false,"template":"","format":"standard","meta":{"ngg_post_thumbnail":0,"footnotes":""},"categories":[4,6],"tags":[],"class_list":["post-2693","post","type-post","status-publish","format-standard","hentry","category-dog","category-rezult"],"aioseo_notices":[],"_links":{"self":[{"href":"http:\/\/www.tenis-krka.org\/index.php?rest_route=\/wp\/v2\/posts\/2693","targetHints":{"allow":["GET"]}}],"collection":[{"href":"http:\/\/www.tenis-krka.org\/index.php?rest_route=\/wp\/v2\/posts"}],"about":[{"href":"http:\/\/www.tenis-krka.org\/index.php?rest_route=\/wp\/v2\/types\/post"}],"author":[{"embeddable":true,"href":"http:\/\/www.tenis-krka.org\/index.php?rest_route=\/wp\/v2\/users\/1"}],"replies":[{"embeddable":true,"href":"http:\/\/www.tenis-krka.org\/index.php?rest_route=%2Fwp%2Fv2%2Fcomments&post=2693"}],"version-history":[{"count":3,"href":"http:\/\/www.tenis-krka.org\/index.php?rest_route=\/wp\/v2\/posts\/2693\/revisions"}],"predecessor-version":[{"id":2697,"href":"http:\/\/www.tenis-krka.org\/index.php?rest_route=\/wp\/v2\/posts\/2693\/revisions\/2697"}],"wp:attachment":[{"href":"http:\/\/www.tenis-krka.org\/index.php?rest_route=%2Fwp%2Fv2%2Fmedia&parent=2693"}],"wp:term":[{"taxonomy":"category","embeddable":true,"href":"http:\/\/www.tenis-krka.org\/index.php?rest_route=%2Fwp%2Fv2%2Fcategories&post=2693"},{"taxonomy":"post_tag","embeddable":true,"href":"http:\/\/www.tenis-krka.org\/index.php?rest_route=%2Fwp%2Fv2%2Ftags&post=2693"}],"curies":[{"name":"wp","href":"https:\/\/api.w.org\/{rel}","templated":true}]}}