{"id":2691,"date":"2014-05-05T12:36:42","date_gmt":"2014-05-05T10:36:42","guid":{"rendered":"http:\/\/www.tenis-krka.org\/?p=2691"},"modified":"2019-05-27T15:16:15","modified_gmt":"2019-05-27T13:16:15","slug":"drzavno-prvenstvo-v-tenisu-do-14-let-tk-krka-otocec","status":"publish","type":"post","link":"http:\/\/www.tenis-krka.org\/?p=2691","title":{"rendered":"Dr\u017eavno prvenstvo v tenisu do 14 let &#8211; TK Krka Oto\u010dec"},"content":{"rendered":"<p>Na Oto\u010dcu se je s finalnimi obra\u010duni kon\u010dalo leto\u0161nje poletno dr\u017eavno prvenstvo do 14 let.<\/p>\n<p><span style=\"color: #ff0000\"><b>Matic Podlipnik in Kaja Juvan dr\u017eavna prvaka do 14 let<\/b><\/span><br \/>\nPri de\u010dkih je naslov dr\u017eavnega prvaka do 14 let osvojil\u00a0<b>Matic PODLIPNIK<\/b>\u00a0(Br-Mb). V finalu je s 6-3 6-3 premagal\u00a0<b>Jana KUP\u010cI\u010cA<\/b>\u00a0(\u017dtkMb).<\/p>\n<p>Dr\u017eavna prvakinja med deklicami do 14 let je\u00a0<b>Kaja JUVAN<\/b>\u00a0(\u0160plus). V finalu je s 6-3 7-6(5) premagala\u00a0<b>Niko RADI\u0160I\u010c<\/b>\u00a0(Talos).<\/p>\n<p>V konkurenci dvojic sta naslov dr\u017eavnih pravkov pri de\u010dkih osvojila\u00a0<b>Rok KOMAC<\/b>\u00a0(Igor) in\u00a0<b>Tim TEKAVEC<\/b>\u00a0(MaxLj). V finalu sta bila s 6-3 6-4 bolj\u0161a od Jana KUP\u010cI\u010cA (\u017dtkMb) in Matica PODLIPNIKA (Br-Mb).<\/p>\n<p>Dr\u017eavni prvakinji med deklicami sta\u00a0<b>Tina CVETKOVI\u010c<\/b>\u00a0(Radov) in\u00a0<b>Nika RADI\u0160I\u010c<\/b>\u00a0(Talos), ki sta v finalu s 6-3 6-4 premagali Anjo GAL (\u017dtkMb) in Kristino NOVAK (Tr-Kr).<\/p>\n<p>(dh)<\/p>\n","protected":false},"excerpt":{"rendered":"<p>Na Oto\u010dcu se je s finalnimi obra\u010duni kon\u010dalo leto\u0161nje poletno dr\u017eavno prvenstvo do 14 let. Matic Podlipnik in Kaja Juvan dr\u017eavna prvaka do 14 let Pri de\u010dkih je naslov dr\u017eavnega prvaka do 14 let osvojil\u00a0Matic PODLIPNIK\u00a0(Br-Mb). V finalu je s 6-3 6-3 premagal\u00a0Jana KUP\u010cI\u010cA\u00a0(\u017dtkMb). Dr\u017eavna prvakinja med deklicami do 14 let je\u00a0Kaja JUVAN\u00a0(\u0160plus). V finalu [&hellip;]<\/p>\n","protected":false},"author":1,"featured_media":0,"comment_status":"closed","ping_status":"open","sticky":false,"template":"","format":"standard","meta":{"ngg_post_thumbnail":0,"footnotes":""},"categories":[4,20,5],"tags":[],"class_list":["post-2691","post","type-post","status-publish","format-standard","hentry","category-dog","category-turnirji","category-tekm"],"aioseo_notices":[],"_links":{"self":[{"href":"http:\/\/www.tenis-krka.org\/index.php?rest_route=\/wp\/v2\/posts\/2691","targetHints":{"allow":["GET"]}}],"collection":[{"href":"http:\/\/www.tenis-krka.org\/index.php?rest_route=\/wp\/v2\/posts"}],"about":[{"href":"http:\/\/www.tenis-krka.org\/index.php?rest_route=\/wp\/v2\/types\/post"}],"author":[{"embeddable":true,"href":"http:\/\/www.tenis-krka.org\/index.php?rest_route=\/wp\/v2\/users\/1"}],"replies":[{"embeddable":true,"href":"http:\/\/www.tenis-krka.org\/index.php?rest_route=%2Fwp%2Fv2%2Fcomments&post=2691"}],"version-history":[{"count":3,"href":"http:\/\/www.tenis-krka.org\/index.php?rest_route=\/wp\/v2\/posts\/2691\/revisions"}],"predecessor-version":[{"id":2710,"href":"http:\/\/www.tenis-krka.org\/index.php?rest_route=\/wp\/v2\/posts\/2691\/revisions\/2710"}],"wp:attachment":[{"href":"http:\/\/www.tenis-krka.org\/index.php?rest_route=%2Fwp%2Fv2%2Fmedia&parent=2691"}],"wp:term":[{"taxonomy":"category","embeddable":true,"href":"http:\/\/www.tenis-krka.org\/index.php?rest_route=%2Fwp%2Fv2%2Fcategories&post=2691"},{"taxonomy":"post_tag","embeddable":true,"href":"http:\/\/www.tenis-krka.org\/index.php?rest_route=%2Fwp%2Fv2%2Ftags&post=2691"}],"curies":[{"name":"wp","href":"https:\/\/api.w.org\/{rel}","templated":true}]}}