{"id":2645,"date":"2014-02-03T12:50:14","date_gmt":"2014-02-03T10:50:14","guid":{"rendered":"http:\/\/www.tenis-krka.org\/?p=2645"},"modified":"2019-05-27T15:16:16","modified_gmt":"2019-05-27T13:16:16","slug":"mednarodni-mladinski-itf-turnir-do-18-let-krka-cup-2014","status":"publish","type":"post","link":"http:\/\/www.tenis-krka.org\/?p=2645","title":{"rendered":"Mednarodni mladinski ITF turnir do 18 let \u00bbKRKA Cup 2014\u00ab"},"content":{"rendered":"<p><a href=\"http:\/\/www.tenis-krka.org\/wp-content\/uploads\/2014\/02\/Zmagovalci-ITF-Oto\u010dec.jpg\"><img loading=\"lazy\" decoding=\"async\" class=\"alignleft size-medium wp-image-2646\" alt=\"Zmagovalci ITF Oto\u010dec\" src=\"http:\/\/www.tenis-krka.org\/wp-content\/uploads\/2014\/02\/Zmagovalci-ITF-Oto\u010dec-300x185.jpg\" width=\"300\" height=\"185\" srcset=\"http:\/\/www.tenis-krka.org\/wp-content\/uploads\/2014\/02\/Zmagovalci-ITF-Oto\u010dec-300x185.jpg 300w, http:\/\/www.tenis-krka.org\/wp-content\/uploads\/2014\/02\/Zmagovalci-ITF-Oto\u010dec.jpg 380w\" sizes=\"auto, (max-width: 300px) 100vw, 300px\" \/><\/a>Na ITF turnirju 4. ranga na Oto\u010dcu je\u00a0<b>Tamara ZIDAN\u0160EK<\/b>\u00a0izgubila finalno sre\u010danje s 4. nosilko, Avstrijko\u00a0<b>Miro ANTONITSCH<\/b>\u00a0(ITF-342).<\/p>\n<p>Avstrijka je v finalu slavila s 6-3 6-4.<\/p>\n<p>Po treh ITF turnirjih, ko je izgubila v prvem krogu, je to ponovno odli\u010den rezultat za Tamaro, ki ji bo prinesel nove to\u010dke za svetovno mladinsko lestvico, na keteri se trenutno kot 4. Slovenka nahaja na 333. mestu.<\/p>\n<p><b>Tamara ZIDAN\u0160EK<\/b>\u00a0je na poti do finala v \u010detrtfinalu s 6-4 6-1 izlo\u010dila 16. letno kvalifikantko iz Slova\u0161ke, Anno FAJNOROVO (ITF-1803) in v polfinalu s 6-3 4-6 6-1 Hrvatico, 14. letne Ano BI\u0160KI\u0106 (ITF-760).<\/p>\n<p>V konkurenci dvojic sta bila finalista\u00a0<b>Maks TEKAVEC in Grega BOH<\/b>.<\/p>\n<p>V finalu sta igrala z 2. nosilcema\u00a0<b>Riccardom CHESSARIJEM in Marcom MOSCIATTIJEM<\/b>\u00a0iz Italije in izgubila s 3-6 6-7(8).<\/p>\n<p>&nbsp;<\/p>\n<p align=\"center\"><b>Tako se je uspe\u0161no, tudi organizacijsko kon\u010dal mednarodni turnir ITF do 18 LET, kjer so \u00a0igralke in igralci doma\u010dega kluba TK KRKA OTO\u010cEC z dobrimi rezultati pokazali, da so na pravi tekmovalni poti, konkuren\u010dni v mednarodni konkurenci.<\/b><\/p>\n<p style=\"text-align: left\" align=\"center\">(dh)<\/p>\n","protected":false},"excerpt":{"rendered":"<p>Na ITF turnirju 4. ranga na Oto\u010dcu je\u00a0Tamara ZIDAN\u0160EK\u00a0izgubila finalno sre\u010danje s 4. nosilko, Avstrijko\u00a0Miro ANTONITSCH\u00a0(ITF-342). Avstrijka je v finalu slavila s 6-3 6-4. Po treh ITF turnirjih, ko je izgubila v prvem krogu, je to ponovno odli\u010den rezultat za Tamaro, ki ji bo prinesel nove to\u010dke za svetovno mladinsko lestvico, na keteri se trenutno [&hellip;]<\/p>\n","protected":false},"author":1,"featured_media":0,"comment_status":"closed","ping_status":"open","sticky":false,"template":"","format":"standard","meta":{"ngg_post_thumbnail":0,"footnotes":""},"categories":[4,20,6],"tags":[],"class_list":["post-2645","post","type-post","status-publish","format-standard","hentry","category-dog","category-turnirji","category-rezult"],"aioseo_notices":[],"_links":{"self":[{"href":"http:\/\/www.tenis-krka.org\/index.php?rest_route=\/wp\/v2\/posts\/2645","targetHints":{"allow":["GET"]}}],"collection":[{"href":"http:\/\/www.tenis-krka.org\/index.php?rest_route=\/wp\/v2\/posts"}],"about":[{"href":"http:\/\/www.tenis-krka.org\/index.php?rest_route=\/wp\/v2\/types\/post"}],"author":[{"embeddable":true,"href":"http:\/\/www.tenis-krka.org\/index.php?rest_route=\/wp\/v2\/users\/1"}],"replies":[{"embeddable":true,"href":"http:\/\/www.tenis-krka.org\/index.php?rest_route=%2Fwp%2Fv2%2Fcomments&post=2645"}],"version-history":[{"count":2,"href":"http:\/\/www.tenis-krka.org\/index.php?rest_route=\/wp\/v2\/posts\/2645\/revisions"}],"predecessor-version":[{"id":2648,"href":"http:\/\/www.tenis-krka.org\/index.php?rest_route=\/wp\/v2\/posts\/2645\/revisions\/2648"}],"wp:attachment":[{"href":"http:\/\/www.tenis-krka.org\/index.php?rest_route=%2Fwp%2Fv2%2Fmedia&parent=2645"}],"wp:term":[{"taxonomy":"category","embeddable":true,"href":"http:\/\/www.tenis-krka.org\/index.php?rest_route=%2Fwp%2Fv2%2Fcategories&post=2645"},{"taxonomy":"post_tag","embeddable":true,"href":"http:\/\/www.tenis-krka.org\/index.php?rest_route=%2Fwp%2Fv2%2Ftags&post=2645"}],"curies":[{"name":"wp","href":"https:\/\/api.w.org\/{rel}","templated":true}]}}