{"id":2616,"date":"2014-01-13T12:58:11","date_gmt":"2014-01-13T10:58:11","guid":{"rendered":"http:\/\/www.tenis-krka.org\/?p=2616"},"modified":"2019-05-27T15:16:16","modified_gmt":"2019-05-27T13:16:16","slug":"ziva-drzavna-prvakinja-ljubljana","status":"publish","type":"post","link":"http:\/\/www.tenis-krka.org\/?p=2616","title":{"rendered":"\u017dIVA DR\u017dAVNA PRVAKINJA (Ljubljana)"},"content":{"rendered":"<p><a href=\"http:\/\/www.tenis-krka.org\/wp-content\/uploads\/2014\/01\/Ziva-in-Gordan-dp-12.jpg\"><img loading=\"lazy\" decoding=\"async\" class=\"alignleft\" alt=\"Ziva in Gordan dp 12\" src=\"http:\/\/www.tenis-krka.org\/wp-content\/uploads\/2014\/01\/Ziva-in-Gordan-dp-12-300x169.jpg\" width=\"300\" height=\"169\" \/><\/a>\u017diva Falkner \u00a0je zopet dokazala, da nima konkurence v svoji kategoriji.<\/p>\n<p>Dr\u017eavna prvakinja je med posameznicami in med dvojicami, ter s tem brez kan\u010dka dvoma dokazala premo\u010d nad vso konkurenco v Sloveniji.<\/p>\n<p>\u017diva kaj ti \u0161e preostane? Pohod na Evropo in ostali svet.<\/p>\n<p><strong>\u010cESTITAMO \u017dIVI, trenerju GORDANU, STAR\u0160EM, ter BABICI in DEDKU.<\/strong><\/p>\n","protected":false},"excerpt":{"rendered":"<p>\u017diva Falkner \u00a0je zopet dokazala, da nima konkurence v svoji kategoriji. Dr\u017eavna prvakinja je med posameznicami in med dvojicami, ter s tem brez kan\u010dka dvoma dokazala premo\u010d nad vso konkurenco v Sloveniji. \u017diva kaj ti \u0161e preostane? Pohod na Evropo in ostali svet. \u010cESTITAMO \u017dIVI, trenerju GORDANU, STAR\u0160EM, ter BABICI in DEDKU.<\/p>\n","protected":false},"author":1,"featured_media":0,"comment_status":"closed","ping_status":"open","sticky":false,"template":"","format":"standard","meta":{"ngg_post_thumbnail":0,"footnotes":""},"categories":[4,6],"tags":[],"class_list":["post-2616","post","type-post","status-publish","format-standard","hentry","category-dog","category-rezult"],"aioseo_notices":[],"_links":{"self":[{"href":"http:\/\/www.tenis-krka.org\/index.php?rest_route=\/wp\/v2\/posts\/2616","targetHints":{"allow":["GET"]}}],"collection":[{"href":"http:\/\/www.tenis-krka.org\/index.php?rest_route=\/wp\/v2\/posts"}],"about":[{"href":"http:\/\/www.tenis-krka.org\/index.php?rest_route=\/wp\/v2\/types\/post"}],"author":[{"embeddable":true,"href":"http:\/\/www.tenis-krka.org\/index.php?rest_route=\/wp\/v2\/users\/1"}],"replies":[{"embeddable":true,"href":"http:\/\/www.tenis-krka.org\/index.php?rest_route=%2Fwp%2Fv2%2Fcomments&post=2616"}],"version-history":[{"count":7,"href":"http:\/\/www.tenis-krka.org\/index.php?rest_route=\/wp\/v2\/posts\/2616\/revisions"}],"predecessor-version":[{"id":2635,"href":"http:\/\/www.tenis-krka.org\/index.php?rest_route=\/wp\/v2\/posts\/2616\/revisions\/2635"}],"wp:attachment":[{"href":"http:\/\/www.tenis-krka.org\/index.php?rest_route=%2Fwp%2Fv2%2Fmedia&parent=2616"}],"wp:term":[{"taxonomy":"category","embeddable":true,"href":"http:\/\/www.tenis-krka.org\/index.php?rest_route=%2Fwp%2Fv2%2Fcategories&post=2616"},{"taxonomy":"post_tag","embeddable":true,"href":"http:\/\/www.tenis-krka.org\/index.php?rest_route=%2Fwp%2Fv2%2Ftags&post=2616"}],"curies":[{"name":"wp","href":"https:\/\/api.w.org\/{rel}","templated":true}]}}