{"id":2547,"date":"2013-11-26T16:18:17","date_gmt":"2013-11-26T14:18:17","guid":{"rendered":"http:\/\/www.tenis-krka.org\/?p=2547"},"modified":"2019-05-27T15:16:16","modified_gmt":"2019-05-27T13:16:16","slug":"veterani-tk-krka-zelo-aktivni","status":"publish","type":"post","link":"http:\/\/www.tenis-krka.org\/?p=2547","title":{"rendered":"Veterani TK Krka  zelo aktivni"},"content":{"rendered":"<p><!--[if gte mso 9]&gt;--><\/p>\n<p><!--[if gte mso 9]&gt;--><\/p>\n<p><!--[if gte mso 10]&gt;--><\/p>\n<p><a href=\"http:\/\/www.tenis-krka.org\/wp-content\/uploads\/2013\/11\/Veterani.jpg\"><img loading=\"lazy\" decoding=\"async\" class=\"alignleft size-medium wp-image-2548\" alt=\"Veterani\" src=\"http:\/\/www.tenis-krka.org\/wp-content\/uploads\/2013\/11\/Veterani-300x198.jpg\" width=\"300\" height=\"198\" srcset=\"http:\/\/www.tenis-krka.org\/wp-content\/uploads\/2013\/11\/Veterani-300x198.jpg 300w, http:\/\/www.tenis-krka.org\/wp-content\/uploads\/2013\/11\/Veterani-1024x678.jpg 1024w\" sizes=\"auto, (max-width: 300px) 100vw, 300px\" \/><\/a><strong>Teni\u0161ki klub Krka\u00a0 Oto\u010dec<\/strong> je v soboto, 23.11.2013, organiziral sre\u010danje me\u0161anih parov s <!--[if gte mso 9]&gt;--><strong><span style=\"font-size: 9pt;line-height: 115%;font-family: Arial\">TK Ravnice iz Zagreba<\/span><\/strong>. Na sre\u010danju je nastopilo osem doma\u010dih in prav toliko gostujo\u010dih parov. V prijateljskem vzdu\u0161ju je bila zagreb\u0161ka zasedba nekoliko uspe\u0161nej\u0161a in v \u0161estnajstih sre\u010danjih zmagala z rezultatom 9:7. Po kon\u010danem tekmovalnem delu so doma\u010di igralci pripravili zaklju\u010dek za vse sodelujo\u010de<a name=\"_GoBack\"><\/a> na Tr\u0161ki gori. Ob odli\u010dni kme\u010dki pojedini, ob kateri seveda tudi ni izostal pristen dolenjski cvi\u010dek, so udele\u017eenci turnirja malo pokramljali in navezali nekaj novih poznanstev. Prijetno dru\u017eenje se je v ve\u010dernih urah kon\u010dalo z dogovorom, da se spomladi ponovno sre\u010damo v Zagrebu. Za odli\u010dno organizacijo turnirja in celotnega dogodka, kakor tudi za pridobitev izjemnega \u0161tevila udele\u017eencev, ima vse zasluge legenda novome\u0161kega tenisa Du\u0161an Ilovar.<\/p>\n<p class=\"MsoNormal\">(poro\u010dal:Bojan Vernig)<\/p>\n","protected":false},"excerpt":{"rendered":"<p>Teni\u0161ki klub Krka\u00a0 Oto\u010dec je v soboto, 23.11.2013, organiziral sre\u010danje me\u0161anih parov s TK Ravnice iz Zagreba. Na sre\u010danju je nastopilo osem doma\u010dih in prav toliko gostujo\u010dih parov. V prijateljskem vzdu\u0161ju je bila zagreb\u0161ka zasedba nekoliko uspe\u0161nej\u0161a in v \u0161estnajstih sre\u010danjih zmagala z rezultatom 9:7. Po kon\u010danem tekmovalnem delu so doma\u010di igralci pripravili zaklju\u010dek za [&hellip;]<\/p>\n","protected":false},"author":1,"featured_media":0,"comment_status":"closed","ping_status":"open","sticky":false,"template":"","format":"standard","meta":{"ngg_post_thumbnail":0,"footnotes":""},"categories":[4,20],"tags":[],"class_list":["post-2547","post","type-post","status-publish","format-standard","hentry","category-dog","category-turnirji"],"aioseo_notices":[],"_links":{"self":[{"href":"http:\/\/www.tenis-krka.org\/index.php?rest_route=\/wp\/v2\/posts\/2547","targetHints":{"allow":["GET"]}}],"collection":[{"href":"http:\/\/www.tenis-krka.org\/index.php?rest_route=\/wp\/v2\/posts"}],"about":[{"href":"http:\/\/www.tenis-krka.org\/index.php?rest_route=\/wp\/v2\/types\/post"}],"author":[{"embeddable":true,"href":"http:\/\/www.tenis-krka.org\/index.php?rest_route=\/wp\/v2\/users\/1"}],"replies":[{"embeddable":true,"href":"http:\/\/www.tenis-krka.org\/index.php?rest_route=%2Fwp%2Fv2%2Fcomments&post=2547"}],"version-history":[{"count":3,"href":"http:\/\/www.tenis-krka.org\/index.php?rest_route=\/wp\/v2\/posts\/2547\/revisions"}],"predecessor-version":[{"id":2552,"href":"http:\/\/www.tenis-krka.org\/index.php?rest_route=\/wp\/v2\/posts\/2547\/revisions\/2552"}],"wp:attachment":[{"href":"http:\/\/www.tenis-krka.org\/index.php?rest_route=%2Fwp%2Fv2%2Fmedia&parent=2547"}],"wp:term":[{"taxonomy":"category","embeddable":true,"href":"http:\/\/www.tenis-krka.org\/index.php?rest_route=%2Fwp%2Fv2%2Fcategories&post=2547"},{"taxonomy":"post_tag","embeddable":true,"href":"http:\/\/www.tenis-krka.org\/index.php?rest_route=%2Fwp%2Fv2%2Ftags&post=2547"}],"curies":[{"name":"wp","href":"https:\/\/api.w.org\/{rel}","templated":true}]}}