{"id":2498,"date":"2013-09-03T09:40:37","date_gmt":"2013-09-03T07:40:37","guid":{"rendered":"http:\/\/www.tenis-krka.org\/?p=2498"},"modified":"2019-05-27T15:16:16","modified_gmt":"2019-05-27T13:16:16","slug":"ekipa-tk-krka-otocec-decki-do-14-let","status":"publish","type":"post","link":"http:\/\/www.tenis-krka.org\/?p=2498","title":{"rendered":"Ekipa TK Krka Oto\u010dec, de\u010dki do 14 let"},"content":{"rendered":"<p><span><a href=\"http:\/\/www.tenis-krka.org\/wp-content\/uploads\/2013\/09\/liga-14-fantje.jpeg\"><img loading=\"lazy\" decoding=\"async\" class=\"alignleft size-thumbnail wp-image-2499\" alt=\"liga 14 fantje\" src=\"http:\/\/www.tenis-krka.org\/wp-content\/uploads\/2013\/09\/liga-14-fantje-150x150.jpeg\" width=\"150\" height=\"150\" \/><\/a>Ekipa de\u010dkov do 14 let se je tudi letos udele\u017eila ekipnega tekmovanja. Nastopila je z zelo pomlajeno ekipo, saj je bil le eden \u010dlan ekipe starej\u0161i od 12 let in pridobila prepotrebne izku\u0161nje , ter pustila izredno pozitiven vtis. V \u0161tirih dvobojih je ekipa 3x izgubila in 1x zmagala<\/span><br \/>\n<span> na zadnji tekmi rednega, kjer je \u00a0premagala ekipo Portovalda iz Novega Mesta. <\/span><br \/>\n<span>\u010dlani ekipe: ( z leve proti desni )<\/span><br \/>\n<span>&#8211; Alja\u017e Fugina<\/span><br \/>\n<span>&#8211; Viktor Mijatovi\u0107<\/span><br \/>\n<span>&#8211; Dare Voglar<\/span><br \/>\n<span>&#8211; Andra\u017e Re\u0161eti\u010d<\/span><br \/>\n<span>&#8211; Tim Rangus<\/span><\/p>\n<p><span>Za ekipo je nastopal tudi Matic Blatnik, ki pa ga ni na sliki. (Dare V.)<br \/>\n<\/span><\/p>\n","protected":false},"excerpt":{"rendered":"<p>Ekipa de\u010dkov do 14 let se je tudi letos udele\u017eila ekipnega tekmovanja. Nastopila je z zelo pomlajeno ekipo, saj je bil le eden \u010dlan ekipe starej\u0161i od 12 let in pridobila prepotrebne izku\u0161nje , ter pustila izredno pozitiven vtis. V \u0161tirih dvobojih je ekipa 3x izgubila in 1x zmagala na zadnji tekmi rednega, kjer je [&hellip;]<\/p>\n","protected":false},"author":1,"featured_media":0,"comment_status":"closed","ping_status":"open","sticky":false,"template":"","format":"standard","meta":{"ngg_post_thumbnail":0,"footnotes":""},"categories":[4,31,6],"tags":[],"class_list":["post-2498","post","type-post","status-publish","format-standard","hentry","category-dog","category-lige","category-rezult"],"aioseo_notices":[],"_links":{"self":[{"href":"http:\/\/www.tenis-krka.org\/index.php?rest_route=\/wp\/v2\/posts\/2498","targetHints":{"allow":["GET"]}}],"collection":[{"href":"http:\/\/www.tenis-krka.org\/index.php?rest_route=\/wp\/v2\/posts"}],"about":[{"href":"http:\/\/www.tenis-krka.org\/index.php?rest_route=\/wp\/v2\/types\/post"}],"author":[{"embeddable":true,"href":"http:\/\/www.tenis-krka.org\/index.php?rest_route=\/wp\/v2\/users\/1"}],"replies":[{"embeddable":true,"href":"http:\/\/www.tenis-krka.org\/index.php?rest_route=%2Fwp%2Fv2%2Fcomments&post=2498"}],"version-history":[{"count":1,"href":"http:\/\/www.tenis-krka.org\/index.php?rest_route=\/wp\/v2\/posts\/2498\/revisions"}],"predecessor-version":[{"id":2500,"href":"http:\/\/www.tenis-krka.org\/index.php?rest_route=\/wp\/v2\/posts\/2498\/revisions\/2500"}],"wp:attachment":[{"href":"http:\/\/www.tenis-krka.org\/index.php?rest_route=%2Fwp%2Fv2%2Fmedia&parent=2498"}],"wp:term":[{"taxonomy":"category","embeddable":true,"href":"http:\/\/www.tenis-krka.org\/index.php?rest_route=%2Fwp%2Fv2%2Fcategories&post=2498"},{"taxonomy":"post_tag","embeddable":true,"href":"http:\/\/www.tenis-krka.org\/index.php?rest_route=%2Fwp%2Fv2%2Ftags&post=2498"}],"curies":[{"name":"wp","href":"https:\/\/api.w.org\/{rel}","templated":true}]}}