{"id":2494,"date":"2013-09-03T09:34:58","date_gmt":"2013-09-03T07:34:58","guid":{"rendered":"http:\/\/www.tenis-krka.org\/?p=2494"},"modified":"2019-05-27T15:16:16","modified_gmt":"2019-05-27T13:16:16","slug":"ekipa-tk-krka-otocec-deklice-do-14-let","status":"publish","type":"post","link":"http:\/\/www.tenis-krka.org\/?p=2494","title":{"rendered":"Ekipa TK Krka Oto\u010dec, deklice do 14 let"},"content":{"rendered":"<p><a href=\"http:\/\/www.tenis-krka.org\/wp-content\/uploads\/2013\/09\/liga-14-dekleta.jpg\"><img loading=\"lazy\" decoding=\"async\" class=\"alignleft size-thumbnail wp-image-2495\" alt=\"liga 14 dekleta\" src=\"http:\/\/www.tenis-krka.org\/wp-content\/uploads\/2013\/09\/liga-14-dekleta-150x150.jpg\" width=\"150\" height=\"150\" \/><\/a>Tudi letos je v ligi do 14 let za dekleta nastopila ekipa TENI\u0160KEGA KLUBA KRKA OTO\u010cEC.<br \/>\nLeto\u0161nja zasedba je obetala odli\u010dne rezultate ker smo imeli na izbiro igralke ki so v vrhu slovenskega tenisa v svojih kategorijah.<br \/>\nTukaj predvsem treba povdarit da za na\u0161o ekipo nastopate dve dr\u017eavni prvakinji, Nika Zupan\u010di\u010d do 14 let in \u017diva Falkner do 12 let.<br \/>\n\u017dal, glih pred za\u010detkom lige, po\u0161kodovala se je Nika Zupan\u010di\u010d, tako da smo bili prisiljeni nastopiti z nekoliko slab\u0161o ekipo.<br \/>\nEkipa TK KRKA OTO\u010cEC:<br \/>\n1.Nika Zupan\u010di\u010d( po\u0161kodba)<br \/>\n2.Veronika Erjavec<br \/>\n3.Lara Lapanje<br \/>\n4.\u017diva Falkner<br \/>\n5.Sa\u0161a Tepav\u010devi\u010d<br \/>\nKapetan:<br \/>\nGordan Jankovi\u0107<\/p>\n<p>Kljub Nikini po\u0161kodbi, ekipa je zmagala eno sre\u010danje, na dveh je odigrala izena\u010deno, ter nas pri\u010dakuje \u0161e zaostalo sre\u010danje proti Max Klubu iz Lj, katero je prestavljeno zaradi slabega vremena.<br \/>\nMo\u017enost za plasman v play off \u0161e vedno obstajajo&#8230;.<br \/>\nGlede na situacijo, to je zelo dober rezultat.\u00a0 (Gordan J.)<\/p>\n<p>&nbsp;<\/p>\n","protected":false},"excerpt":{"rendered":"<p>Tudi letos je v ligi do 14 let za dekleta nastopila ekipa TENI\u0160KEGA KLUBA KRKA OTO\u010cEC. Leto\u0161nja zasedba je obetala odli\u010dne rezultate ker smo imeli na izbiro igralke ki so v vrhu slovenskega tenisa v svojih kategorijah. Tukaj predvsem treba povdarit da za na\u0161o ekipo nastopate dve dr\u017eavni prvakinji, Nika Zupan\u010di\u010d do 14 let in [&hellip;]<\/p>\n","protected":false},"author":1,"featured_media":0,"comment_status":"closed","ping_status":"open","sticky":false,"template":"","format":"standard","meta":{"ngg_post_thumbnail":0,"footnotes":""},"categories":[4,31,6],"tags":[],"class_list":["post-2494","post","type-post","status-publish","format-standard","hentry","category-dog","category-lige","category-rezult"],"aioseo_notices":[],"_links":{"self":[{"href":"http:\/\/www.tenis-krka.org\/index.php?rest_route=\/wp\/v2\/posts\/2494","targetHints":{"allow":["GET"]}}],"collection":[{"href":"http:\/\/www.tenis-krka.org\/index.php?rest_route=\/wp\/v2\/posts"}],"about":[{"href":"http:\/\/www.tenis-krka.org\/index.php?rest_route=\/wp\/v2\/types\/post"}],"author":[{"embeddable":true,"href":"http:\/\/www.tenis-krka.org\/index.php?rest_route=\/wp\/v2\/users\/1"}],"replies":[{"embeddable":true,"href":"http:\/\/www.tenis-krka.org\/index.php?rest_route=%2Fwp%2Fv2%2Fcomments&post=2494"}],"version-history":[{"count":3,"href":"http:\/\/www.tenis-krka.org\/index.php?rest_route=\/wp\/v2\/posts\/2494\/revisions"}],"predecessor-version":[{"id":3599,"href":"http:\/\/www.tenis-krka.org\/index.php?rest_route=\/wp\/v2\/posts\/2494\/revisions\/3599"}],"wp:attachment":[{"href":"http:\/\/www.tenis-krka.org\/index.php?rest_route=%2Fwp%2Fv2%2Fmedia&parent=2494"}],"wp:term":[{"taxonomy":"category","embeddable":true,"href":"http:\/\/www.tenis-krka.org\/index.php?rest_route=%2Fwp%2Fv2%2Fcategories&post=2494"},{"taxonomy":"post_tag","embeddable":true,"href":"http:\/\/www.tenis-krka.org\/index.php?rest_route=%2Fwp%2Fv2%2Ftags&post=2494"}],"curies":[{"name":"wp","href":"https:\/\/api.w.org\/{rel}","templated":true}]}}