{"id":2471,"date":"2013-07-09T07:16:10","date_gmt":"2013-07-09T05:16:10","guid":{"rendered":"http:\/\/www.tenis-krka.org\/?p=2471"},"modified":"2019-05-27T15:16:16","modified_gmt":"2019-05-27T13:16:16","slug":"mednarodni-teniski-turnir-do-12-in-14-let-tk-krka-otocec","status":"publish","type":"post","link":"http:\/\/www.tenis-krka.org\/?p=2471","title":{"rendered":"MEDNARODNI TENI\u0160KI TURNIR DO 12  &#8211; TK Krka Oto\u010dec"},"content":{"rendered":"<p><a href=\"http:\/\/www.tenis-krka.org\/wp-content\/uploads\/2013\/07\/Plakat_TE-1214_2013-3.jpg\"><img loading=\"lazy\" decoding=\"async\" class=\"alignleft size-medium wp-image-2473\" alt=\"Plakat_TE 1214_2013 (3)\" src=\"http:\/\/www.tenis-krka.org\/wp-content\/uploads\/2013\/07\/Plakat_TE-1214_2013-3-211x300.jpg\" width=\"211\" height=\"300\" srcset=\"http:\/\/www.tenis-krka.org\/wp-content\/uploads\/2013\/07\/Plakat_TE-1214_2013-3-211x300.jpg 211w, http:\/\/www.tenis-krka.org\/wp-content\/uploads\/2013\/07\/Plakat_TE-1214_2013-3-722x1024.jpg 722w, http:\/\/www.tenis-krka.org\/wp-content\/uploads\/2013\/07\/Plakat_TE-1214_2013-3.jpg 984w\" sizes=\"auto, (max-width: 211px) 100vw, 211px\" \/><\/a>V TC Oto\u010dec poteka turnir TE do 12 let. Organizatorji so tekmovanje<br \/>\npripeljali do \u010detrtfinalnih obra\u010dunov, kjer pa imamo v konkurenci<br \/>\nposameznikov samo \u0161e dva predstavnika. To sta v konkurenci de\u010dkov Jan KUP\u010cI\u010c<br \/>\nin Filip Jeff PLANIN\u0160EK.<\/p>\n<p>Jan KUP\u010cI\u010c je v tretjem krogu S 6-2 6-0 premagal Hrvata Lovra SUEVICHA,<br \/>\nFilip Jeff PLANIN\u0160EK pa je bil s 6-3 7-6(5) bolj\u0161i od Hrvata Admirja<br \/>\nKALENDERJA.<br \/>\nPri fantih sta v tretjem krogu izpadla Filip KALJEVI\u010c in Marko KOVA\u010cEVI\u010c,<br \/>\nvsi ostali so se poslovili \u017ee prej.<br \/>\n\u0160e nekoliko slab\u0161e je \u0161lo v konkurenci posameznic deklicam. V tretji krog se<br \/>\nje uvrstila samo Marija VI\u010cI\u010c, ki pa je v tekmi za \u010detrtfinale izgubila z<br \/>\n1-6 2-6 s Hrvatico Ivo ZELI\u0106.<br \/>\nV konkurenci dvojic so se v polfinale uvrstili Mark ANDREJI\u010c GOLJAR in Filip<br \/>\nJeff PLANIN\u0160EK ter Tim TEKAVEC in Jan KUP\u010cI\u010c.<br \/>\nPri deklicah sta polfinalistki Eva KALAN in Pia LOVRI\u010c. Doma\u010da <strong>\u017diva Falkner<\/strong><br \/>\nigra uspe\u0161no v tola\u017eilnem turnirju!<\/p>\n<p>Vabljeni na ogled tekem<\/p>\n","protected":false},"excerpt":{"rendered":"<p>V TC Oto\u010dec poteka turnir TE do 12 let. Organizatorji so tekmovanje pripeljali do \u010detrtfinalnih obra\u010dunov, kjer pa imamo v konkurenci posameznikov samo \u0161e dva predstavnika. To sta v konkurenci de\u010dkov Jan KUP\u010cI\u010c in Filip Jeff PLANIN\u0160EK. Jan KUP\u010cI\u010c je v tretjem krogu S 6-2 6-0 premagal Hrvata Lovra SUEVICHA, Filip Jeff PLANIN\u0160EK pa je [&hellip;]<\/p>\n","protected":false},"author":1,"featured_media":0,"comment_status":"closed","ping_status":"open","sticky":false,"template":"","format":"standard","meta":{"ngg_post_thumbnail":0,"footnotes":""},"categories":[20,6],"tags":[],"class_list":["post-2471","post","type-post","status-publish","format-standard","hentry","category-turnirji","category-rezult"],"aioseo_notices":[],"_links":{"self":[{"href":"http:\/\/www.tenis-krka.org\/index.php?rest_route=\/wp\/v2\/posts\/2471","targetHints":{"allow":["GET"]}}],"collection":[{"href":"http:\/\/www.tenis-krka.org\/index.php?rest_route=\/wp\/v2\/posts"}],"about":[{"href":"http:\/\/www.tenis-krka.org\/index.php?rest_route=\/wp\/v2\/types\/post"}],"author":[{"embeddable":true,"href":"http:\/\/www.tenis-krka.org\/index.php?rest_route=\/wp\/v2\/users\/1"}],"replies":[{"embeddable":true,"href":"http:\/\/www.tenis-krka.org\/index.php?rest_route=%2Fwp%2Fv2%2Fcomments&post=2471"}],"version-history":[{"count":5,"href":"http:\/\/www.tenis-krka.org\/index.php?rest_route=\/wp\/v2\/posts\/2471\/revisions"}],"predecessor-version":[{"id":3603,"href":"http:\/\/www.tenis-krka.org\/index.php?rest_route=\/wp\/v2\/posts\/2471\/revisions\/3603"}],"wp:attachment":[{"href":"http:\/\/www.tenis-krka.org\/index.php?rest_route=%2Fwp%2Fv2%2Fmedia&parent=2471"}],"wp:term":[{"taxonomy":"category","embeddable":true,"href":"http:\/\/www.tenis-krka.org\/index.php?rest_route=%2Fwp%2Fv2%2Fcategories&post=2471"},{"taxonomy":"post_tag","embeddable":true,"href":"http:\/\/www.tenis-krka.org\/index.php?rest_route=%2Fwp%2Fv2%2Ftags&post=2471"}],"curies":[{"name":"wp","href":"https:\/\/api.w.org\/{rel}","templated":true}]}}