{"id":2373,"date":"2013-06-11T07:37:35","date_gmt":"2013-06-11T05:37:35","guid":{"rendered":"http:\/\/www.tenis-krka.org\/?p=2373"},"modified":"2019-05-27T15:16:17","modified_gmt":"2019-05-27T13:16:17","slug":"bor-drzavni-prvak-do-16-let","status":"publish","type":"post","link":"http:\/\/www.tenis-krka.org\/?p=2373","title":{"rendered":"BOR DR\u017dAVNI PRVAK DO 16 LET"},"content":{"rendered":"<p><strong>Bor Schweiger Mu\u017ear<\/strong> je zopet dokazal, da je v svoji kategoriji<\/p>\n<p><strong><a href=\"http:\/\/www.tenis-krka.org\/wp-content\/uploads\/2013\/06\/Bor-in-Miha1.jpg\"><img loading=\"lazy\" decoding=\"async\" class=\"alignleft size-medium wp-image-2375\" alt=\"Bor in Miha\" src=\"http:\/\/www.tenis-krka.org\/wp-content\/uploads\/2013\/06\/Bor-in-Miha1-225x300.jpg\" width=\"225\" height=\"300\" srcset=\"http:\/\/www.tenis-krka.org\/wp-content\/uploads\/2013\/06\/Bor-in-Miha1-225x300.jpg 225w, http:\/\/www.tenis-krka.org\/wp-content\/uploads\/2013\/06\/Bor-in-Miha1.jpg 768w\" sizes=\"auto, (max-width: 225px) 100vw, 225px\" \/><\/a>NAJBOLJ\u0160I V SLOVENIJI<\/strong><\/p>\n<p>Dr\u017eavni prvak je v kategoriji posamezno in v igri dvojic.<\/p>\n<p><span style=\"font-size: large\"><strong>\u010cESTITAMO<\/strong><\/span><\/p>\n<p><a href=\"http:\/\/www.tenis-krka.org\/wp-content\/uploads\/2013\/06\/Bor-in-Gregor.jpg\"><img loading=\"lazy\" decoding=\"async\" class=\"alignleft size-thumbnail wp-image-2376\" alt=\"Bor in Gregor\" src=\"http:\/\/www.tenis-krka.org\/wp-content\/uploads\/2013\/06\/Bor-in-Gregor-150x150.jpg\" width=\"150\" height=\"150\" \/><\/a><a href=\"http:\/\/www.tenis-krka.org\/wp-content\/uploads\/2013\/06\/Bor-in-Dare.jpg\"><img loading=\"lazy\" decoding=\"async\" class=\"alignleft size-thumbnail wp-image-2377\" alt=\"Bor in Dare\" src=\"http:\/\/www.tenis-krka.org\/wp-content\/uploads\/2013\/06\/Bor-in-Dare-150x150.jpg\" width=\"150\" height=\"150\" \/><\/a><a href=\"http:\/\/www.tenis-krka.org\/wp-content\/uploads\/2013\/06\/Bor-in-Rok.jpg\"><img loading=\"lazy\" decoding=\"async\" class=\"alignleft size-thumbnail wp-image-2378\" alt=\"Bor in Rok\" src=\"http:\/\/www.tenis-krka.org\/wp-content\/uploads\/2013\/06\/Bor-in-Rok-150x150.jpg\" width=\"150\" height=\"150\" \/><\/a><\/p>\n","protected":false},"excerpt":{"rendered":"<p>Bor Schweiger Mu\u017ear je zopet dokazal, da je v svoji kategoriji NAJBOLJ\u0160I V SLOVENIJI Dr\u017eavni prvak je v kategoriji posamezno in v igri dvojic. \u010cESTITAMO<\/p>\n","protected":false},"author":1,"featured_media":0,"comment_status":"closed","ping_status":"open","sticky":false,"template":"","format":"standard","meta":{"ngg_post_thumbnail":0,"footnotes":""},"categories":[4,6],"tags":[],"class_list":["post-2373","post","type-post","status-publish","format-standard","hentry","category-dog","category-rezult"],"aioseo_notices":[],"_links":{"self":[{"href":"http:\/\/www.tenis-krka.org\/index.php?rest_route=\/wp\/v2\/posts\/2373","targetHints":{"allow":["GET"]}}],"collection":[{"href":"http:\/\/www.tenis-krka.org\/index.php?rest_route=\/wp\/v2\/posts"}],"about":[{"href":"http:\/\/www.tenis-krka.org\/index.php?rest_route=\/wp\/v2\/types\/post"}],"author":[{"embeddable":true,"href":"http:\/\/www.tenis-krka.org\/index.php?rest_route=\/wp\/v2\/users\/1"}],"replies":[{"embeddable":true,"href":"http:\/\/www.tenis-krka.org\/index.php?rest_route=%2Fwp%2Fv2%2Fcomments&post=2373"}],"version-history":[{"count":2,"href":"http:\/\/www.tenis-krka.org\/index.php?rest_route=\/wp\/v2\/posts\/2373\/revisions"}],"predecessor-version":[{"id":2380,"href":"http:\/\/www.tenis-krka.org\/index.php?rest_route=\/wp\/v2\/posts\/2373\/revisions\/2380"}],"wp:attachment":[{"href":"http:\/\/www.tenis-krka.org\/index.php?rest_route=%2Fwp%2Fv2%2Fmedia&parent=2373"}],"wp:term":[{"taxonomy":"category","embeddable":true,"href":"http:\/\/www.tenis-krka.org\/index.php?rest_route=%2Fwp%2Fv2%2Fcategories&post=2373"},{"taxonomy":"post_tag","embeddable":true,"href":"http:\/\/www.tenis-krka.org\/index.php?rest_route=%2Fwp%2Fv2%2Ftags&post=2373"}],"curies":[{"name":"wp","href":"https:\/\/api.w.org\/{rel}","templated":true}]}}