{"id":2354,"date":"2013-06-03T10:43:46","date_gmt":"2013-06-03T08:43:46","guid":{"rendered":"http:\/\/www.tenis-krka.org\/?p=2354"},"modified":"2019-05-27T15:16:17","modified_gmt":"2019-05-27T13:16:17","slug":"dan-slo-tenisa-ljubljana","status":"publish","type":"post","link":"http:\/\/www.tenis-krka.org\/?p=2354","title":{"rendered":"Dan SLO tenisa &#8211; Ljubljana"},"content":{"rendered":"<p>&nbsp;<\/p>\n<div id=\"attachment_2357\" style=\"width: 235px\" class=\"wp-caption alignleft\"><a href=\"http:\/\/www.tenis-krka.org\/wp-content\/uploads\/2013\/06\/Jani-slo-tenis2.jpg\"><img loading=\"lazy\" decoding=\"async\" aria-describedby=\"caption-attachment-2357\" class=\"size-medium wp-image-2357\" alt=\"Jani Retelj TK Krka Oto\u010dec (drugi z leve)\" src=\"http:\/\/www.tenis-krka.org\/wp-content\/uploads\/2013\/06\/Jani-slo-tenis2-225x300.jpg\" width=\"225\" height=\"300\" srcset=\"http:\/\/www.tenis-krka.org\/wp-content\/uploads\/2013\/06\/Jani-slo-tenis2-225x300.jpg 225w, http:\/\/www.tenis-krka.org\/wp-content\/uploads\/2013\/06\/Jani-slo-tenis2-768x1024.jpg 768w\" sizes=\"auto, (max-width: 225px) 100vw, 225px\" \/><\/a><p id=\"caption-attachment-2357\" class=\"wp-caption-text\">Jani Retelj TK Krka Oto\u010dec (drugi z leve)<\/p><\/div>\n<p><span style=\"font-family: Arial;font-size: small\">V Ljubljani je potekal turnir Slo tenis kjer so se zbrali vsi najbolj\u0161i teni\u0161ki upi iz Slovenije.<\/span><\/p>\n<p><span style=\"font-family: Arial;font-size: small\">Zelo lep uspeh je dosegel <strong>Jani Retelj<\/strong> \u010dlan TK Krka Oto\u010dec <\/span><\/p>\n<p><span style=\"font-family: Arial;font-size: small\">na mini tenisu je bil sploh najbolj\u0161i in bil 1., <\/span><\/p>\n<p><span style=\"font-family: Arial;font-size: small\">na midi tenisu pa je zasedel 3.- 4. mesto.<\/span><\/p>\n<p><span style=\"font-size: large\"><strong>\u010cestitamo in vztrajaj naprej Jani.<\/strong><\/span><\/p>\n","protected":false},"excerpt":{"rendered":"<p>&nbsp; V Ljubljani je potekal turnir Slo tenis kjer so se zbrali vsi najbolj\u0161i teni\u0161ki upi iz Slovenije. Zelo lep uspeh je dosegel Jani Retelj \u010dlan TK Krka Oto\u010dec na mini tenisu je bil sploh najbolj\u0161i in bil 1., na midi tenisu pa je zasedel 3.- 4. mesto. \u010cestitamo in vztrajaj naprej Jani.<\/p>\n","protected":false},"author":1,"featured_media":0,"comment_status":"closed","ping_status":"open","sticky":false,"template":"","format":"standard","meta":{"ngg_post_thumbnail":0,"footnotes":""},"categories":[6,1],"tags":[],"class_list":["post-2354","post","type-post","status-publish","format-standard","hentry","category-rezult","category-uncategorized"],"aioseo_notices":[],"_links":{"self":[{"href":"http:\/\/www.tenis-krka.org\/index.php?rest_route=\/wp\/v2\/posts\/2354","targetHints":{"allow":["GET"]}}],"collection":[{"href":"http:\/\/www.tenis-krka.org\/index.php?rest_route=\/wp\/v2\/posts"}],"about":[{"href":"http:\/\/www.tenis-krka.org\/index.php?rest_route=\/wp\/v2\/types\/post"}],"author":[{"embeddable":true,"href":"http:\/\/www.tenis-krka.org\/index.php?rest_route=\/wp\/v2\/users\/1"}],"replies":[{"embeddable":true,"href":"http:\/\/www.tenis-krka.org\/index.php?rest_route=%2Fwp%2Fv2%2Fcomments&post=2354"}],"version-history":[{"count":2,"href":"http:\/\/www.tenis-krka.org\/index.php?rest_route=\/wp\/v2\/posts\/2354\/revisions"}],"predecessor-version":[{"id":2359,"href":"http:\/\/www.tenis-krka.org\/index.php?rest_route=\/wp\/v2\/posts\/2354\/revisions\/2359"}],"wp:attachment":[{"href":"http:\/\/www.tenis-krka.org\/index.php?rest_route=%2Fwp%2Fv2%2Fmedia&parent=2354"}],"wp:term":[{"taxonomy":"category","embeddable":true,"href":"http:\/\/www.tenis-krka.org\/index.php?rest_route=%2Fwp%2Fv2%2Fcategories&post=2354"},{"taxonomy":"post_tag","embeddable":true,"href":"http:\/\/www.tenis-krka.org\/index.php?rest_route=%2Fwp%2Fv2%2Ftags&post=2354"}],"curies":[{"name":"wp","href":"https:\/\/api.w.org\/{rel}","templated":true}]}}