{"id":2304,"date":"2013-04-22T10:02:45","date_gmt":"2013-04-22T08:02:45","guid":{"rendered":"http:\/\/www.tenis-krka.org\/?p=2304"},"modified":"2019-05-27T15:16:17","modified_gmt":"2019-05-27T13:16:17","slug":"krka-dan-humanitarnosti-predstavitev-kluba-20-4-2013","status":"publish","type":"post","link":"http:\/\/www.tenis-krka.org\/?p=2304","title":{"rendered":"Krka &#8211; dan humanitarnosti. Predstavitev kluba (20.4.2013)"},"content":{"rendered":"<p><a href=\"http:\/\/www.tenis-krka.org\/wp-content\/uploads\/2013\/04\/oder.jpg\"><img loading=\"lazy\" decoding=\"async\" class=\"alignleft size-thumbnail wp-image-2305\" alt=\"oder\" src=\"http:\/\/www.tenis-krka.org\/wp-content\/uploads\/2013\/04\/oder-150x150.jpg\" width=\"150\" height=\"150\" \/><\/a>Mini olimpijada v Krki &#8211;\u00a0 teden humanitarnosti.<br \/>\nObisk 960 otrok, dru\u017denje skozi \u0161port cel dan.<\/p>\n<p>Na\u0161i otroci v prvem planu na odru z darilom kluba&#8230;.majica, \u017eoga. (dh)<\/p>\n<p><a href=\"http:\/\/www.tenis-krka.org\/wp-content\/uploads\/2013\/04\/prizorisce.jpg\"><img loading=\"lazy\" decoding=\"async\" class=\"alignleft size-thumbnail wp-image-2306\" alt=\"prizorisce\" src=\"http:\/\/www.tenis-krka.org\/wp-content\/uploads\/2013\/04\/prizorisce-150x150.jpg\" width=\"150\" height=\"150\" \/><\/a><\/p>\n<p><a href=\"http:\/\/www.tenis-krka.org\/wp-content\/uploads\/2013\/04\/Sasa-Benjamin-in-Rok.jpg\"><img loading=\"lazy\" decoding=\"async\" class=\"alignleft size-thumbnail wp-image-2307\" alt=\"Sasa Benjamin in Rok\" src=\"http:\/\/www.tenis-krka.org\/wp-content\/uploads\/2013\/04\/Sasa-Benjamin-in-Rok-150x150.jpg\" width=\"150\" height=\"150\" \/><\/a><a href=\"http:\/\/www.tenis-krka.org\/wp-content\/uploads\/2013\/04\/Lara-in-Dusan-2.jpg\"><img loading=\"lazy\" decoding=\"async\" class=\"alignleft size-thumbnail wp-image-2308\" alt=\"Lara in Dusan 2\" src=\"http:\/\/www.tenis-krka.org\/wp-content\/uploads\/2013\/04\/Lara-in-Dusan-2-150x150.jpg\" width=\"150\" height=\"150\" \/><\/a><\/p>\n","protected":false},"excerpt":{"rendered":"<p>Mini olimpijada v Krki &#8211;\u00a0 teden humanitarnosti. Obisk 960 otrok, dru\u017denje skozi \u0161port cel dan. Na\u0161i otroci v prvem planu na odru z darilom kluba&#8230;.majica, \u017eoga. (dh)<\/p>\n","protected":false},"author":1,"featured_media":0,"comment_status":"closed","ping_status":"open","sticky":false,"template":"","format":"standard","meta":{"ngg_post_thumbnail":0,"footnotes":""},"categories":[4],"tags":[],"class_list":["post-2304","post","type-post","status-publish","format-standard","hentry","category-dog"],"aioseo_notices":[],"_links":{"self":[{"href":"http:\/\/www.tenis-krka.org\/index.php?rest_route=\/wp\/v2\/posts\/2304","targetHints":{"allow":["GET"]}}],"collection":[{"href":"http:\/\/www.tenis-krka.org\/index.php?rest_route=\/wp\/v2\/posts"}],"about":[{"href":"http:\/\/www.tenis-krka.org\/index.php?rest_route=\/wp\/v2\/types\/post"}],"author":[{"embeddable":true,"href":"http:\/\/www.tenis-krka.org\/index.php?rest_route=\/wp\/v2\/users\/1"}],"replies":[{"embeddable":true,"href":"http:\/\/www.tenis-krka.org\/index.php?rest_route=%2Fwp%2Fv2%2Fcomments&post=2304"}],"version-history":[{"count":3,"href":"http:\/\/www.tenis-krka.org\/index.php?rest_route=\/wp\/v2\/posts\/2304\/revisions"}],"predecessor-version":[{"id":3608,"href":"http:\/\/www.tenis-krka.org\/index.php?rest_route=\/wp\/v2\/posts\/2304\/revisions\/3608"}],"wp:attachment":[{"href":"http:\/\/www.tenis-krka.org\/index.php?rest_route=%2Fwp%2Fv2%2Fmedia&parent=2304"}],"wp:term":[{"taxonomy":"category","embeddable":true,"href":"http:\/\/www.tenis-krka.org\/index.php?rest_route=%2Fwp%2Fv2%2Fcategories&post=2304"},{"taxonomy":"post_tag","embeddable":true,"href":"http:\/\/www.tenis-krka.org\/index.php?rest_route=%2Fwp%2Fv2%2Ftags&post=2304"}],"curies":[{"name":"wp","href":"https:\/\/api.w.org\/{rel}","templated":true}]}}