{"id":2298,"date":"2013-04-09T07:57:38","date_gmt":"2013-04-09T05:57:38","guid":{"rendered":"http:\/\/www.tenis-krka.org\/?p=2298"},"modified":"2019-05-27T15:16:17","modified_gmt":"2019-05-27T13:16:17","slug":"bor-na-kvarner-junior-open-rijeka-8-4-2013","status":"publish","type":"post","link":"http:\/\/www.tenis-krka.org\/?p=2298","title":{"rendered":"Bor na Kvarner Junior Open Rijeka (8.4.2013)"},"content":{"rendered":"<div id=\"attachment_2188\" style=\"width: 310px\" class=\"wp-caption alignleft\"><a href=\"http:\/\/www.tenis-krka.org\/wp-content\/uploads\/2013\/01\/Bor-1.jpg\"><img loading=\"lazy\" decoding=\"async\" aria-describedby=\"caption-attachment-2188\" class=\"size-medium wp-image-2188\" alt=\"Bor\" src=\"http:\/\/www.tenis-krka.org\/wp-content\/uploads\/2013\/01\/Bor-1-300x200.jpg\" width=\"300\" height=\"200\" srcset=\"http:\/\/www.tenis-krka.org\/wp-content\/uploads\/2013\/01\/Bor-1-300x200.jpg 300w, http:\/\/www.tenis-krka.org\/wp-content\/uploads\/2013\/01\/Bor-1.jpg 600w\" sizes=\"auto, (max-width: 300px) 100vw, 300px\" \/><\/a><p id=\"caption-attachment-2188\" class=\"wp-caption-text\">Bor<\/p><\/div>\n<p><strong>Bor Schweiger Mu\u017ear<\/strong> je meril svojo mo\u010d z igralci Evrope do 16 let in bil zelo uspe\u0161en.<\/p>\n<p>V 1. kolu je bil bolj\u0161i od\u00a0 <img loading=\"lazy\" decoding=\"async\" title=\"HUN\" alt=\"HUN\" src=\"http:\/\/static.tournamentsoftware.com\/images\/flags\/16\/HUN.png\" width=\"16\" height=\"14\" \/>Lenard SOHA\u00a0 6-3,6-1<\/p>\n<p>v 2. kolo je premagal\u00a0 <img loading=\"lazy\" decoding=\"async\" title=\"ITA\" alt=\"ITA\" src=\"http:\/\/static.tournamentsoftware.com\/images\/flags\/16\/ITA.png\" width=\"16\" height=\"14\" \/>Daniele IAMUNNO\u00a0\u00a07-6(6), 6-4<\/p>\n<p>v 3. kolu je slavil zmago nad <img loading=\"lazy\" decoding=\"async\" title=\"ITA\" alt=\"ITA\" src=\"http:\/\/static.tournamentsoftware.com\/images\/flags\/16\/ITA.png\" width=\"16\" height=\"14\" \/>Corrado SUMMARIA\u00a06-07-5<\/p>\n<p>Za uvrstitev v polfinale pa ga je zaustavil <img loading=\"lazy\" decoding=\"async\" title=\"CRO\" alt=\"CRO\" src=\"http:\/\/static.tournamentsoftware.com\/images\/flags\/16\/CRO.png\" width=\"16\" height=\"14\" \/>Roko GLASNOVIC<\/p>\n<p>&nbsp;<\/p>\n<p><strong>Bravo Bor<\/strong><\/p>\n","protected":false},"excerpt":{"rendered":"<p>Bor Schweiger Mu\u017ear je meril svojo mo\u010d z igralci Evrope do 16 let in bil zelo uspe\u0161en. V 1. kolu je bil bolj\u0161i od\u00a0 Lenard SOHA\u00a0 6-3,6-1 v 2. kolo je premagal\u00a0 Daniele IAMUNNO\u00a0\u00a07-6(6), 6-4 v 3. kolu je slavil zmago nad Corrado SUMMARIA\u00a06-07-5 Za uvrstitev v polfinale pa ga je zaustavil Roko GLASNOVIC &nbsp; [&hellip;]<\/p>\n","protected":false},"author":1,"featured_media":0,"comment_status":"closed","ping_status":"open","sticky":false,"template":"","format":"standard","meta":{"ngg_post_thumbnail":0,"footnotes":""},"categories":[6],"tags":[],"class_list":["post-2298","post","type-post","status-publish","format-standard","hentry","category-rezult"],"aioseo_notices":[],"_links":{"self":[{"href":"http:\/\/www.tenis-krka.org\/index.php?rest_route=\/wp\/v2\/posts\/2298","targetHints":{"allow":["GET"]}}],"collection":[{"href":"http:\/\/www.tenis-krka.org\/index.php?rest_route=\/wp\/v2\/posts"}],"about":[{"href":"http:\/\/www.tenis-krka.org\/index.php?rest_route=\/wp\/v2\/types\/post"}],"author":[{"embeddable":true,"href":"http:\/\/www.tenis-krka.org\/index.php?rest_route=\/wp\/v2\/users\/1"}],"replies":[{"embeddable":true,"href":"http:\/\/www.tenis-krka.org\/index.php?rest_route=%2Fwp%2Fv2%2Fcomments&post=2298"}],"version-history":[{"count":2,"href":"http:\/\/www.tenis-krka.org\/index.php?rest_route=\/wp\/v2\/posts\/2298\/revisions"}],"predecessor-version":[{"id":3609,"href":"http:\/\/www.tenis-krka.org\/index.php?rest_route=\/wp\/v2\/posts\/2298\/revisions\/3609"}],"wp:attachment":[{"href":"http:\/\/www.tenis-krka.org\/index.php?rest_route=%2Fwp%2Fv2%2Fmedia&parent=2298"}],"wp:term":[{"taxonomy":"category","embeddable":true,"href":"http:\/\/www.tenis-krka.org\/index.php?rest_route=%2Fwp%2Fv2%2Fcategories&post=2298"},{"taxonomy":"post_tag","embeddable":true,"href":"http:\/\/www.tenis-krka.org\/index.php?rest_route=%2Fwp%2Fv2%2Ftags&post=2298"}],"curies":[{"name":"wp","href":"https:\/\/api.w.org\/{rel}","templated":true}]}}