{"id":2282,"date":"2013-03-27T09:54:19","date_gmt":"2013-03-27T07:54:19","guid":{"rendered":"http:\/\/www.tenis-krka.org\/?p=2282"},"modified":"2019-05-27T15:16:17","modified_gmt":"2019-05-27T13:16:17","slug":"ziva-odlicno-na-hrvaskem-26-3-2013","status":"publish","type":"post","link":"http:\/\/www.tenis-krka.org\/?p=2282","title":{"rendered":"\u017diva odli\u010dno na Hrva\u0161kem (26.3.2013)"},"content":{"rendered":"<p><strong>\u017diva Falkner<\/strong> je odli\u010dno odigrala na OP Rijeka na Hrva\u0161kem.<\/p>\n<p><a href=\"http:\/\/www.tenis-krka.org\/wp-content\/uploads\/2013\/03\/Ziva-OP-Rijeka.jpg\"><img loading=\"lazy\" decoding=\"async\" class=\"alignleft size-medium wp-image-2283\" alt=\"Ziva OP Rijeka\" src=\"http:\/\/www.tenis-krka.org\/wp-content\/uploads\/2013\/03\/Ziva-OP-Rijeka-300x225.jpg\" width=\"300\" height=\"225\" srcset=\"http:\/\/www.tenis-krka.org\/wp-content\/uploads\/2013\/03\/Ziva-OP-Rijeka-300x225.jpg 300w, http:\/\/www.tenis-krka.org\/wp-content\/uploads\/2013\/03\/Ziva-OP-Rijeka-1024x768.jpg 1024w\" sizes=\"auto, (max-width: 300px) 100vw, 300px\" \/><\/a><strong>Med posameznicami<\/strong> je dosegla <strong>3. mesto<\/strong>.<\/p>\n<p><a href=\"http:\/\/www.tenis-krka.org\/wp-content\/uploads\/2013\/03\/Ziva-OP-Rijeka-dvojice.jpg\"><img loading=\"lazy\" decoding=\"async\" class=\"alignleft size-medium wp-image-2284\" alt=\"Ziva OP Rijeka dvojice\" src=\"http:\/\/www.tenis-krka.org\/wp-content\/uploads\/2013\/03\/Ziva-OP-Rijeka-dvojice-300x225.jpg\" width=\"300\" height=\"225\" srcset=\"http:\/\/www.tenis-krka.org\/wp-content\/uploads\/2013\/03\/Ziva-OP-Rijeka-dvojice-300x225.jpg 300w, http:\/\/www.tenis-krka.org\/wp-content\/uploads\/2013\/03\/Ziva-OP-Rijeka-dvojice-1024x768.jpg 1024w\" sizes=\"auto, (max-width: 300px) 100vw, 300px\" \/><\/a><strong>V dvojicah<\/strong> z partnerko Krznari\u010d Noa pa sta osvojila najvi\u0161je <strong>1. mesto<\/strong>.<\/p>\n<p><strong>\u017diva \u010cESTITAMO<\/strong>, lep uvod v spomladansko sezono.<\/p>\n","protected":false},"excerpt":{"rendered":"<p>\u017diva Falkner je odli\u010dno odigrala na OP Rijeka na Hrva\u0161kem. Med posameznicami je dosegla 3. mesto. V dvojicah z partnerko Krznari\u010d Noa pa sta osvojila najvi\u0161je 1. mesto. \u017diva \u010cESTITAMO, lep uvod v spomladansko sezono.<\/p>\n","protected":false},"author":1,"featured_media":0,"comment_status":"closed","ping_status":"open","sticky":false,"template":"","format":"standard","meta":{"ngg_post_thumbnail":0,"footnotes":""},"categories":[6],"tags":[],"class_list":["post-2282","post","type-post","status-publish","format-standard","hentry","category-rezult"],"aioseo_notices":[],"_links":{"self":[{"href":"http:\/\/www.tenis-krka.org\/index.php?rest_route=\/wp\/v2\/posts\/2282","targetHints":{"allow":["GET"]}}],"collection":[{"href":"http:\/\/www.tenis-krka.org\/index.php?rest_route=\/wp\/v2\/posts"}],"about":[{"href":"http:\/\/www.tenis-krka.org\/index.php?rest_route=\/wp\/v2\/types\/post"}],"author":[{"embeddable":true,"href":"http:\/\/www.tenis-krka.org\/index.php?rest_route=\/wp\/v2\/users\/1"}],"replies":[{"embeddable":true,"href":"http:\/\/www.tenis-krka.org\/index.php?rest_route=%2Fwp%2Fv2%2Fcomments&post=2282"}],"version-history":[{"count":1,"href":"http:\/\/www.tenis-krka.org\/index.php?rest_route=\/wp\/v2\/posts\/2282\/revisions"}],"predecessor-version":[{"id":2285,"href":"http:\/\/www.tenis-krka.org\/index.php?rest_route=\/wp\/v2\/posts\/2282\/revisions\/2285"}],"wp:attachment":[{"href":"http:\/\/www.tenis-krka.org\/index.php?rest_route=%2Fwp%2Fv2%2Fmedia&parent=2282"}],"wp:term":[{"taxonomy":"category","embeddable":true,"href":"http:\/\/www.tenis-krka.org\/index.php?rest_route=%2Fwp%2Fv2%2Fcategories&post=2282"},{"taxonomy":"post_tag","embeddable":true,"href":"http:\/\/www.tenis-krka.org\/index.php?rest_route=%2Fwp%2Fv2%2Ftags&post=2282"}],"curies":[{"name":"wp","href":"https:\/\/api.w.org\/{rel}","templated":true}]}}