{"id":2272,"date":"2013-03-12T10:00:29","date_gmt":"2013-03-12T08:00:29","guid":{"rendered":"http:\/\/www.tenis-krka.org\/?p=2272"},"modified":"2019-05-27T15:16:17","modified_gmt":"2019-05-27T13:16:17","slug":"ziva-v-umagu-zacela-z-zmago-v-prvem-kolu-12-3-2013","status":"publish","type":"post","link":"http:\/\/www.tenis-krka.org\/?p=2272","title":{"rendered":"\u017diva v Umagu do osmine finala (12.3.2013)"},"content":{"rendered":"<div id=\"attachment_2191\" style=\"width: 310px\" class=\"wp-caption alignleft\"><a href=\"http:\/\/www.tenis-krka.org\/wp-content\/uploads\/2013\/01\/\u017diva-DP12.jpg\"><img loading=\"lazy\" decoding=\"async\" aria-describedby=\"caption-attachment-2191\" class=\"size-medium wp-image-2191\" alt=\"\u017diva\" src=\"http:\/\/www.tenis-krka.org\/wp-content\/uploads\/2013\/01\/\u017diva-DP12-300x200.jpg\" width=\"300\" height=\"200\" srcset=\"http:\/\/www.tenis-krka.org\/wp-content\/uploads\/2013\/01\/\u017diva-DP12-300x200.jpg 300w, http:\/\/www.tenis-krka.org\/wp-content\/uploads\/2013\/01\/\u017diva-DP12-1024x683.jpg 1024w, http:\/\/www.tenis-krka.org\/wp-content\/uploads\/2013\/01\/\u017diva-DP12.jpg 1442w\" sizes=\"auto, (max-width: 300px) 100vw, 300px\" \/><\/a><p id=\"caption-attachment-2191\" class=\"wp-caption-text\">\u017diva<\/p><\/div>\n<p><strong>\u017diva Falkner<\/strong> dobro za\u010dela turnir Tennis Europe v Umagu, saj je prvo tekmico \u00a0 <img loading=\"lazy\" decoding=\"async\" title=\"ITA\" alt=\"ITA\" src=\"http:\/\/static.tournamentsoftware.com\/images\/flags\/16\/ITA.png\" width=\"16\" height=\"14\" \/>Sofia ANTOLINI [Q]\u00a0 premagala 6:1; 6:2.<\/p>\n<p>v drugem kolu je \u017diva premagala\u00a0 <img loading=\"lazy\" decoding=\"async\" title=\"Slovakia\" alt=\"Slovakia\" src=\"http:\/\/static.tournamentsoftware.com\/images\/flags\/16\/SVK.png\" width=\"16\" height=\"14\" \/>Kristino KOZAKOVA z rezultatom 6:1;6:2 in se kot edina Slovenka uvrstila med najbolj\u0161ih 16.<\/p>\n<p><strong>V igri dvojic<\/strong> je \u017diva igrala z partnerko Marijo Vi\u010di\u010d in po dveh zmagah pri\u0161le do \u010detrtfinala.<\/p>\n<p>(hm)<\/p>\n","protected":false},"excerpt":{"rendered":"<p>\u017diva Falkner dobro za\u010dela turnir Tennis Europe v Umagu, saj je prvo tekmico \u00a0 Sofia ANTOLINI [Q]\u00a0 premagala 6:1; 6:2. v drugem kolu je \u017diva premagala\u00a0 Kristino KOZAKOVA z rezultatom 6:1;6:2 in se kot edina Slovenka uvrstila med najbolj\u0161ih 16. V igri dvojic je \u017diva igrala z partnerko Marijo Vi\u010di\u010d in po dveh zmagah pri\u0161le [&hellip;]<\/p>\n","protected":false},"author":1,"featured_media":0,"comment_status":"closed","ping_status":"open","sticky":false,"template":"","format":"standard","meta":{"ngg_post_thumbnail":0,"footnotes":""},"categories":[6],"tags":[],"class_list":["post-2272","post","type-post","status-publish","format-standard","hentry","category-rezult"],"aioseo_notices":[],"_links":{"self":[{"href":"http:\/\/www.tenis-krka.org\/index.php?rest_route=\/wp\/v2\/posts\/2272","targetHints":{"allow":["GET"]}}],"collection":[{"href":"http:\/\/www.tenis-krka.org\/index.php?rest_route=\/wp\/v2\/posts"}],"about":[{"href":"http:\/\/www.tenis-krka.org\/index.php?rest_route=\/wp\/v2\/types\/post"}],"author":[{"embeddable":true,"href":"http:\/\/www.tenis-krka.org\/index.php?rest_route=\/wp\/v2\/users\/1"}],"replies":[{"embeddable":true,"href":"http:\/\/www.tenis-krka.org\/index.php?rest_route=%2Fwp%2Fv2%2Fcomments&post=2272"}],"version-history":[{"count":5,"href":"http:\/\/www.tenis-krka.org\/index.php?rest_route=\/wp\/v2\/posts\/2272\/revisions"}],"predecessor-version":[{"id":3612,"href":"http:\/\/www.tenis-krka.org\/index.php?rest_route=\/wp\/v2\/posts\/2272\/revisions\/3612"}],"wp:attachment":[{"href":"http:\/\/www.tenis-krka.org\/index.php?rest_route=%2Fwp%2Fv2%2Fmedia&parent=2272"}],"wp:term":[{"taxonomy":"category","embeddable":true,"href":"http:\/\/www.tenis-krka.org\/index.php?rest_route=%2Fwp%2Fv2%2Fcategories&post=2272"},{"taxonomy":"post_tag","embeddable":true,"href":"http:\/\/www.tenis-krka.org\/index.php?rest_route=%2Fwp%2Fv2%2Ftags&post=2272"}],"curies":[{"name":"wp","href":"https:\/\/api.w.org\/{rel}","templated":true}]}}