{"id":2233,"date":"2013-01-30T14:35:51","date_gmt":"2013-01-30T12:35:51","guid":{"rendered":"http:\/\/www.tenis-krka.org\/?p=2233"},"modified":"2019-05-27T15:16:17","modified_gmt":"2019-05-27T13:16:17","slug":"itf-do-18-let-na-otoccu","status":"publish","type":"post","link":"http:\/\/www.tenis-krka.org\/?p=2233","title":{"rendered":"ITF do 18 let na Oto\u010dcu"},"content":{"rendered":"<p>Na Oto\u010dcu so na mednarodnem ITF turnirju 4. ranga kon\u010dane kvalifikacije pri<br \/>\nfantih in dekletih. Na\u0161i igralci in igralke v kvalifikacijah niso bili<br \/>\nuspe\u0161ni, saj se nikomur ni uspelo uvrstiti v glavni turnir.<\/p>\n<div id=\"attachment_2234\" style=\"width: 310px\" class=\"wp-caption alignleft\"><a href=\"http:\/\/www.tenis-krka.org\/wp-content\/uploads\/2013\/01\/EvgenijaITF2013.jpg\"><img loading=\"lazy\" decoding=\"async\" aria-describedby=\"caption-attachment-2234\" class=\"size-medium wp-image-2234\" alt=\"Evgenija Burger\" src=\"http:\/\/www.tenis-krka.org\/wp-content\/uploads\/2013\/01\/EvgenijaITF2013-300x199.jpg\" width=\"300\" height=\"199\" srcset=\"http:\/\/www.tenis-krka.org\/wp-content\/uploads\/2013\/01\/EvgenijaITF2013-300x199.jpg 300w, http:\/\/www.tenis-krka.org\/wp-content\/uploads\/2013\/01\/EvgenijaITF2013.jpg 380w\" sizes=\"auto, (max-width: 300px) 100vw, 300px\" \/><\/a><p id=\"caption-attachment-2234\" class=\"wp-caption-text\">Evgenija Burger<\/p><\/div>\n<p>Imamo pa tam kar nekaj na\u0161ih predstavnikov, ki so bili v glavni turnir<br \/>\nuvr\u0161\u010deni neposredno oz. kot sre\u010dni pora\u017eenci.<\/p>\n<p>Pri fantih so bili v prvem krogu glavnega turnirja uspe\u0161ni Alja\u017e RADINSKI ,<br \/>\nRok SITAR, Matic \u0160PEC in Jan Vit \u0160UNTAR. Z nastopi so kon\u010dali Rok KRI\u017dAJ,<br \/>\n<strong>Nik HRIBAR<\/strong>, Dorian Toma\u017e JANE\u017dI\u010c in Ale\u0161 GERMI\u010c.<\/p>\n<p>Pri dekletih bodo v sredo v glavnem turnirju nastopile Ma\u0161a MARC, Laura<br \/>\nSarah AMBRO\u017dI\u010c, Hana MRAZ, <strong>Evgenija BURGER<\/strong> (na fotografiji), Tja\u0161a JER\u0160E,<br \/>\nStania RAKO\u010cEVI\u010c, Natalija \u0160IPEK, Lara VOVK, Ana OPARENOVI\u010c, Sara<br \/>\nDJURDJEVI\u0106, Nika KOZAR, Pija BRGLEZ in Eva ZAGORAC.<\/p>\n<p>Vabljeni na oto\u010dec<\/p>\n","protected":false},"excerpt":{"rendered":"<p>Na Oto\u010dcu so na mednarodnem ITF turnirju 4. ranga kon\u010dane kvalifikacije pri fantih in dekletih. Na\u0161i igralci in igralke v kvalifikacijah niso bili uspe\u0161ni, saj se nikomur ni uspelo uvrstiti v glavni turnir. Imamo pa tam kar nekaj na\u0161ih predstavnikov, ki so bili v glavni turnir uvr\u0161\u010deni neposredno oz. kot sre\u010dni pora\u017eenci. Pri fantih so [&hellip;]<\/p>\n","protected":false},"author":1,"featured_media":0,"comment_status":"closed","ping_status":"open","sticky":false,"template":"","format":"standard","meta":{"ngg_post_thumbnail":0,"footnotes":""},"categories":[4,20,6,5],"tags":[],"class_list":["post-2233","post","type-post","status-publish","format-standard","hentry","category-dog","category-turnirji","category-rezult","category-tekm"],"aioseo_notices":[],"_links":{"self":[{"href":"http:\/\/www.tenis-krka.org\/index.php?rest_route=\/wp\/v2\/posts\/2233","targetHints":{"allow":["GET"]}}],"collection":[{"href":"http:\/\/www.tenis-krka.org\/index.php?rest_route=\/wp\/v2\/posts"}],"about":[{"href":"http:\/\/www.tenis-krka.org\/index.php?rest_route=\/wp\/v2\/types\/post"}],"author":[{"embeddable":true,"href":"http:\/\/www.tenis-krka.org\/index.php?rest_route=\/wp\/v2\/users\/1"}],"replies":[{"embeddable":true,"href":"http:\/\/www.tenis-krka.org\/index.php?rest_route=%2Fwp%2Fv2%2Fcomments&post=2233"}],"version-history":[{"count":4,"href":"http:\/\/www.tenis-krka.org\/index.php?rest_route=\/wp\/v2\/posts\/2233\/revisions"}],"predecessor-version":[{"id":3616,"href":"http:\/\/www.tenis-krka.org\/index.php?rest_route=\/wp\/v2\/posts\/2233\/revisions\/3616"}],"wp:attachment":[{"href":"http:\/\/www.tenis-krka.org\/index.php?rest_route=%2Fwp%2Fv2%2Fmedia&parent=2233"}],"wp:term":[{"taxonomy":"category","embeddable":true,"href":"http:\/\/www.tenis-krka.org\/index.php?rest_route=%2Fwp%2Fv2%2Fcategories&post=2233"},{"taxonomy":"post_tag","embeddable":true,"href":"http:\/\/www.tenis-krka.org\/index.php?rest_route=%2Fwp%2Fv2%2Ftags&post=2233"}],"curies":[{"name":"wp","href":"https:\/\/api.w.org\/{rel}","templated":true}]}}