{"id":223,"date":"2009-05-11T17:16:00","date_gmt":"2009-05-11T15:16:00","guid":{"rendered":"http:\/\/www.tenis-krka.org\/?p=223"},"modified":"2019-05-27T15:16:55","modified_gmt":"2019-05-27T13:16:55","slug":"dp-18-triglav-kranj-kranj1052009","status":"publish","type":"post","link":"http:\/\/www.tenis-krka.org\/?p=223","title":{"rendered":"DP 18 TRIGLAV KRANJ (Kranj\/10.5.2009)"},"content":{"rendered":"<p>Zaklju\u010deno je dr\u017eavno prvenstvo do 18 let, ki je potekalo v Kranju 6.-10.5.2009. TK KRKA OTO\u010cEC je uspe\u0161no zastopala mlada Da\u0161a Orli\u010d, ki se je kot 6. nosilka turnirja\u00a0prebila v \u010detrt finale, kjer je tesno zgubila s 3. nosilko turnirja Rmus Mileno, TK BRANIK MARIBOR. Bravo Da\u0161a!<\/p>\n","protected":false},"excerpt":{"rendered":"<p>Zaklju\u010deno je dr\u017eavno prvenstvo do 18 let, ki je potekalo v Kranju 6.-10.5.2009. TK KRKA OTO\u010cEC je uspe\u0161no zastopala mlada Da\u0161a Orli\u010d, ki se je kot 6. nosilka turnirja\u00a0prebila v \u010detrt finale, kjer je tesno zgubila s 3. nosilko turnirja Rmus Mileno, TK BRANIK MARIBOR. Bravo Da\u0161a!<\/p>\n","protected":false},"author":1,"featured_media":0,"comment_status":"closed","ping_status":"closed","sticky":false,"template":"","format":"standard","meta":{"ngg_post_thumbnail":0,"footnotes":""},"categories":[4],"tags":[],"class_list":["post-223","post","type-post","status-publish","format-standard","hentry","category-dog"],"aioseo_notices":[],"_links":{"self":[{"href":"http:\/\/www.tenis-krka.org\/index.php?rest_route=\/wp\/v2\/posts\/223","targetHints":{"allow":["GET"]}}],"collection":[{"href":"http:\/\/www.tenis-krka.org\/index.php?rest_route=\/wp\/v2\/posts"}],"about":[{"href":"http:\/\/www.tenis-krka.org\/index.php?rest_route=\/wp\/v2\/types\/post"}],"author":[{"embeddable":true,"href":"http:\/\/www.tenis-krka.org\/index.php?rest_route=\/wp\/v2\/users\/1"}],"replies":[{"embeddable":true,"href":"http:\/\/www.tenis-krka.org\/index.php?rest_route=%2Fwp%2Fv2%2Fcomments&post=223"}],"version-history":[{"count":4,"href":"http:\/\/www.tenis-krka.org\/index.php?rest_route=\/wp\/v2\/posts\/223\/revisions"}],"predecessor-version":[{"id":1053,"href":"http:\/\/www.tenis-krka.org\/index.php?rest_route=\/wp\/v2\/posts\/223\/revisions\/1053"}],"wp:attachment":[{"href":"http:\/\/www.tenis-krka.org\/index.php?rest_route=%2Fwp%2Fv2%2Fmedia&parent=223"}],"wp:term":[{"taxonomy":"category","embeddable":true,"href":"http:\/\/www.tenis-krka.org\/index.php?rest_route=%2Fwp%2Fv2%2Fcategories&post=223"},{"taxonomy":"post_tag","embeddable":true,"href":"http:\/\/www.tenis-krka.org\/index.php?rest_route=%2Fwp%2Fv2%2Ftags&post=223"}],"curies":[{"name":"wp","href":"https:\/\/api.w.org\/{rel}","templated":true}]}}