{"id":2216,"date":"2013-01-27T18:57:05","date_gmt":"2013-01-27T16:57:05","guid":{"rendered":"http:\/\/www.tenis-krka.org\/?p=2216"},"modified":"2019-05-27T15:16:17","modified_gmt":"2019-05-27T13:16:17","slug":"na-otoccu-se-zacenja-mednarodni-mladinski-itf-turnir-do-18-let-krka-open-2013","status":"publish","type":"post","link":"http:\/\/www.tenis-krka.org\/?p=2216","title":{"rendered":"Na Oto\u010dcu se za\u010denja mednarodni mladinski ITF turnir do 18 let KRKA Open 2013"},"content":{"rendered":"<p><span style=\"font-family: Times New Roman;font-size: medium\">Na Oto\u010dcu se v nedeljo s kvalifikacijskimi sre\u010danji za\u010denja mednarodni mladinski ITF turnir do 18 let, <b>KRKA Open 2013<\/b>. Turnir so prej\u0161nja leta gostili Radenci, letos pa se je preselil na Oto\u010dec.<\/span><\/p>\n<p><span style=\"font-family: Times New Roman;font-size: medium\">Turnir je 4. ranga in predstavlja lepo prilo\u017enost za na\u0161e mlade perspektivne igralke in igralce, da si obogatijo ali da osvojijo prve to\u010dke za mladinsko svetovno lestvico. Na turnirju bo nastopila ve\u010dina na\u0161ih najbolj\u0161ih mladih igralk in igralcev.<\/span><\/p>\n<p><span style=\"font-family: Times New Roman;font-size: medium\">Prilo\u017enost bosta poizkusili tudi doma\u010di igralci <b>Teni\u0161kega kluba KRKA Oto\u010dec; Bor Schweiger Mu\u017ear, Nik Hribar, Evgenija Burger.<\/b><\/span><\/p>\n<p><span style=\"font-family: Times New Roman;font-size: medium\">V konkurenci deklet sicer ne bo na\u0161e najvi\u0161je uvr\u0161\u010dene igralke na mladinski svetovni lestvici Nine POTO\u010cNIK, bosta pa nastopili trenutno druga in tretja slovenska igralka iz te lestvice <b>Ma\u0161a MARC in Eva ZAGORAC<\/b>, ki bosta na turnirju zasedli mesti 1. in 2. nosilke. V turnir so neposredno uvr\u0161\u010dene \u0161e <b>Natalija \u0160IPEK, Ana OPARENOVI\u010c, Hana MRAZ in Pija BRGLEZ<\/b> ter igralki s posebnim povabilom, v kvalifikacijah pa bo nastopilo \u0161e 10 na\u0161ih igralk.<\/span><\/p>\n<p><span style=\"font-family: Times New Roman;font-size: medium\">Pri fantih bo 2. nosilec na\u0161 trenutno najvi\u0161je uvr\u0161\u010den igralec na lestvici ITF <b>Maks TEKAVEC<\/b>. V glavni turnir so neposredno uvr\u0161\u010deni \u0161e <b>Dorian Toma\u017e JANE\u017dI\u010c, Matic \u0160PEC, Rok SITAR in Alja\u017e RADINSKI<\/b> ter igralci s posebnim povabilom. V kvalifikacijah bo nastopilo 14 na\u0161ih igralcev.<\/span><\/p>\n<p><span style=\"color: black;font-family: Arial;font-size: small\">Vabljeni na ogled tekem<\/span><\/p>\n","protected":false},"excerpt":{"rendered":"<p>Na Oto\u010dcu se v nedeljo s kvalifikacijskimi sre\u010danji za\u010denja mednarodni mladinski ITF turnir do 18 let, KRKA Open 2013. Turnir so prej\u0161nja leta gostili Radenci, letos pa se je preselil na Oto\u010dec. Turnir je 4. ranga in predstavlja lepo prilo\u017enost za na\u0161e mlade perspektivne igralke in igralce, da si obogatijo ali da osvojijo prve to\u010dke [&hellip;]<\/p>\n","protected":false},"author":1,"featured_media":0,"comment_status":"closed","ping_status":"open","sticky":false,"template":"","format":"standard","meta":{"ngg_post_thumbnail":0,"footnotes":""},"categories":[4,20],"tags":[],"class_list":["post-2216","post","type-post","status-publish","format-standard","hentry","category-dog","category-turnirji"],"aioseo_notices":[],"_links":{"self":[{"href":"http:\/\/www.tenis-krka.org\/index.php?rest_route=\/wp\/v2\/posts\/2216","targetHints":{"allow":["GET"]}}],"collection":[{"href":"http:\/\/www.tenis-krka.org\/index.php?rest_route=\/wp\/v2\/posts"}],"about":[{"href":"http:\/\/www.tenis-krka.org\/index.php?rest_route=\/wp\/v2\/types\/post"}],"author":[{"embeddable":true,"href":"http:\/\/www.tenis-krka.org\/index.php?rest_route=\/wp\/v2\/users\/1"}],"replies":[{"embeddable":true,"href":"http:\/\/www.tenis-krka.org\/index.php?rest_route=%2Fwp%2Fv2%2Fcomments&post=2216"}],"version-history":[{"count":2,"href":"http:\/\/www.tenis-krka.org\/index.php?rest_route=\/wp\/v2\/posts\/2216\/revisions"}],"predecessor-version":[{"id":3617,"href":"http:\/\/www.tenis-krka.org\/index.php?rest_route=\/wp\/v2\/posts\/2216\/revisions\/3617"}],"wp:attachment":[{"href":"http:\/\/www.tenis-krka.org\/index.php?rest_route=%2Fwp%2Fv2%2Fmedia&parent=2216"}],"wp:term":[{"taxonomy":"category","embeddable":true,"href":"http:\/\/www.tenis-krka.org\/index.php?rest_route=%2Fwp%2Fv2%2Fcategories&post=2216"},{"taxonomy":"post_tag","embeddable":true,"href":"http:\/\/www.tenis-krka.org\/index.php?rest_route=%2Fwp%2Fv2%2Ftags&post=2216"}],"curies":[{"name":"wp","href":"https:\/\/api.w.org\/{rel}","templated":true}]}}