{"id":2198,"date":"2013-01-13T19:39:52","date_gmt":"2013-01-13T17:39:52","guid":{"rendered":"http:\/\/www.tenis-krka.org\/?p=2198"},"modified":"2019-05-27T15:16:17","modified_gmt":"2019-05-27T13:16:17","slug":"igralci-in-igralci-teniskega-kluba-krka-otocec-super-na-zimskih-drzavnih-prvenstvih","status":"publish","type":"post","link":"http:\/\/www.tenis-krka.org\/?p=2198","title":{"rendered":"IGRALCI IN IGRALCI TENI\u0160KEGA KLUBA KRKA OTO\u010cEC   SUPER NA ZIMSKIH DR\u017dAVNIH PRVENSTVIH"},"content":{"rendered":"<p>&nbsp;<\/p>\n<div id=\"attachment_2180\" style=\"width: 310px\" class=\"wp-caption alignleft\"><a href=\"http:\/\/www.tenis-krka.org\/wp-content\/uploads\/2013\/01\/borDP13.jpg\"><img loading=\"lazy\" decoding=\"async\" aria-describedby=\"caption-attachment-2180\" class=\"size-medium wp-image-2180\" alt=\"Bor Schweiger Mu\u017ear\" src=\"http:\/\/www.tenis-krka.org\/wp-content\/uploads\/2013\/01\/borDP13-300x203.jpg\" width=\"300\" height=\"203\" srcset=\"http:\/\/www.tenis-krka.org\/wp-content\/uploads\/2013\/01\/borDP13-300x203.jpg 300w, http:\/\/www.tenis-krka.org\/wp-content\/uploads\/2013\/01\/borDP13.jpg 668w\" sizes=\"auto, (max-width: 300px) 100vw, 300px\" \/><\/a><p id=\"caption-attachment-2180\" class=\"wp-caption-text\">Bor Schweiger Mu\u017ear<\/p><\/div>\n<p><b><span style=\"color: navy;font-family: Arial;font-size: large\">BOR MU\u017dAR SCHWEIGER<\/span><\/b><span style=\"color: navy;font-family: Arial;font-size: large\"> 2 X DR\u017dAVNI PRVAK V TENISU DO 16 LET, TAKO POSAMEZNO KOT V DVOJICAH<\/span><\/p>\n<p>&nbsp;<\/p>\n<div id=\"attachment_2199\" style=\"width: 310px\" class=\"wp-caption alignleft\"><a href=\"http:\/\/www.tenis-krka.org\/wp-content\/uploads\/2013\/01\/Evgenija-DP16.jpg\"><img loading=\"lazy\" decoding=\"async\" aria-describedby=\"caption-attachment-2199\" class=\"size-full wp-image-2199\" alt=\"Evgenija Burger\" src=\"http:\/\/www.tenis-krka.org\/wp-content\/uploads\/2013\/01\/Evgenija-DP16.jpg\" width=\"300\" height=\"200\" \/><\/a><p id=\"caption-attachment-2199\" class=\"wp-caption-text\">Evgenija Burger<\/p><\/div>\n<p><b><span style=\"color: navy;font-family: Arial;font-size: large\">EVGENIJA BURGER<\/span><\/b><span style=\"color: navy;font-family: Arial;font-size: large\"> 3. MESTO POSAMEZNO<\/span><\/p>\n<p>&nbsp;<\/p>\n<div id=\"attachment_2200\" style=\"width: 310px\" class=\"wp-caption alignleft\"><a href=\"http:\/\/www.tenis-krka.org\/wp-content\/uploads\/2013\/01\/Nika-dp16.jpg\"><img loading=\"lazy\" decoding=\"async\" aria-describedby=\"caption-attachment-2200\" class=\"size-full wp-image-2200\" alt=\"Nika Zupan\u010di\u010d\" src=\"http:\/\/www.tenis-krka.org\/wp-content\/uploads\/2013\/01\/Nika-dp16.jpg\" width=\"300\" height=\"225\" \/><\/a><p id=\"caption-attachment-2200\" class=\"wp-caption-text\">Nika Zupan\u010di\u010d<\/p><\/div>\n<p><b><span style=\"color: navy;font-family: Arial;font-size: large\">NIKA ZUPAN\u010cI\u010c<\/span><\/b><span style=\"color: navy;font-family: Arial;font-size: large\"> 2. MESTO V DVOJICAH<\/span><\/p>\n<p><span style=\"color: navy;font-family: Arial;font-size: large\">TO JE ODLI\u010cEN IZPLEN\u00a0 DOMA\u010cIH IGRALCEV IN IGRALK \u00a0NA DR\u017dAVNEM PRVENSTVU DO 16 LET <\/span><\/p>\n<p><span style=\"color: navy;font-family: Arial;font-size: large\">\u00a0<\/span><\/p>\n<p>&nbsp;<\/p>\n<p>&nbsp;<\/p>\n<p>&nbsp;<\/p>\n<div id=\"attachment_2191\" style=\"width: 310px\" class=\"wp-caption alignleft\"><a href=\"http:\/\/www.tenis-krka.org\/wp-content\/uploads\/2013\/01\/\u017diva-DP12.jpg\"><img loading=\"lazy\" decoding=\"async\" aria-describedby=\"caption-attachment-2191\" class=\"size-medium wp-image-2191\" alt=\"\u017diva\" src=\"http:\/\/www.tenis-krka.org\/wp-content\/uploads\/2013\/01\/\u017diva-DP12-300x200.jpg\" width=\"300\" height=\"200\" srcset=\"http:\/\/www.tenis-krka.org\/wp-content\/uploads\/2013\/01\/\u017diva-DP12-300x200.jpg 300w, http:\/\/www.tenis-krka.org\/wp-content\/uploads\/2013\/01\/\u017diva-DP12-1024x683.jpg 1024w, http:\/\/www.tenis-krka.org\/wp-content\/uploads\/2013\/01\/\u017diva-DP12.jpg 1442w\" sizes=\"auto, (max-width: 300px) 100vw, 300px\" \/><\/a><p id=\"caption-attachment-2191\" class=\"wp-caption-text\">\u017diva<\/p><\/div>\n<p>&nbsp;<\/p>\n<p><b><span style=\"color: navy;font-family: Arial;font-size: large\">\u017dIVA FALKNER<\/span><\/b><span style=\"color: navy;font-family: Arial;font-size: large\"> 2 X DR\u017dAVNA PRVAKINJA DO 12 LET<\/span><\/p>\n<p><span style=\"color: navy;font-family: Arial;font-size: large\">IN \u0160E NAJMLAJ\u0160I<\/span><\/p>\n<p><span style=\"color: navy;font-family: Arial;font-size: large\">\u00a0<\/span><\/p>\n<p>&nbsp;<\/p>\n<p>&nbsp;<\/p>\n<div id=\"attachment_1893\" style=\"width: 310px\" class=\"wp-caption alignleft\"><a href=\"http:\/\/www.tenis-krka.org\/wp-content\/uploads\/2012\/03\/IMG_20120324_103532-e1358098629783.jpg\"><img loading=\"lazy\" decoding=\"async\" aria-describedby=\"caption-attachment-1893\" class=\"size-medium wp-image-1893\" alt=\"Jani Retelj\" src=\"http:\/\/www.tenis-krka.org\/wp-content\/uploads\/2012\/03\/IMG_20120324_103532-e1358098629783-300x257.jpg\" width=\"300\" height=\"257\" srcset=\"http:\/\/www.tenis-krka.org\/wp-content\/uploads\/2012\/03\/IMG_20120324_103532-e1358098629783-300x257.jpg 300w, http:\/\/www.tenis-krka.org\/wp-content\/uploads\/2012\/03\/IMG_20120324_103532-e1358098629783.jpg 597w\" sizes=\"auto, (max-width: 300px) 100vw, 300px\" \/><\/a><p id=\"caption-attachment-1893\" class=\"wp-caption-text\">Jani Retelj<\/p><\/div>\n<p><b><span style=\"color: navy;font-family: Arial;font-size: large\">RETELJ JANI<\/span><\/b><span style=\"color: navy;font-family: Arial;font-size: large\">\u00a0\u00a0 NA OP 8 \u2013 11 LET\u00a0 MINI TENIS 2. MESTO<\/span><\/p>\n<p>&nbsp;<\/p>\n<p>&nbsp;<\/p>\n<p>&nbsp;<\/p>\n<p><span style=\"color: navy;font-family: Arial;font-size: large\">NASLEDNJI TEDEN GRE ZOPET V OGENJ EKIPA\u00a0 14 LETNIKOV NA DR\u017dAVNEM PRVENSTVU DO 14 LET NA OTO\u010cCU, KJER PRI\u010cAKUJEMO NOVE DOBRE UVRSTITVE.<\/span><\/p>\n<p><span style=\"color: navy;font-family: Arial;font-size: large\">\u00a0PRIDITE NA OGLED TEKEM, KI SO VSAK DAN OD 8.00 DO 18.00\u2026\u2026<\/span><\/p>\n","protected":false},"excerpt":{"rendered":"<p>&nbsp; BOR MU\u017dAR SCHWEIGER 2 X DR\u017dAVNI PRVAK V TENISU DO 16 LET, TAKO POSAMEZNO KOT V DVOJICAH &nbsp; EVGENIJA BURGER 3. MESTO POSAMEZNO &nbsp; NIKA ZUPAN\u010cI\u010c 2. MESTO V DVOJICAH TO JE ODLI\u010cEN IZPLEN\u00a0 DOMA\u010cIH IGRALCEV IN IGRALK \u00a0NA DR\u017dAVNEM PRVENSTVU DO 16 LET \u00a0 &nbsp; &nbsp; &nbsp; &nbsp; \u017dIVA FALKNER 2 X DR\u017dAVNA [&hellip;]<\/p>\n","protected":false},"author":1,"featured_media":0,"comment_status":"closed","ping_status":"open","sticky":false,"template":"","format":"standard","meta":{"ngg_post_thumbnail":0,"footnotes":""},"categories":[6],"tags":[],"class_list":["post-2198","post","type-post","status-publish","format-standard","hentry","category-rezult"],"aioseo_notices":[],"_links":{"self":[{"href":"http:\/\/www.tenis-krka.org\/index.php?rest_route=\/wp\/v2\/posts\/2198","targetHints":{"allow":["GET"]}}],"collection":[{"href":"http:\/\/www.tenis-krka.org\/index.php?rest_route=\/wp\/v2\/posts"}],"about":[{"href":"http:\/\/www.tenis-krka.org\/index.php?rest_route=\/wp\/v2\/types\/post"}],"author":[{"embeddable":true,"href":"http:\/\/www.tenis-krka.org\/index.php?rest_route=\/wp\/v2\/users\/1"}],"replies":[{"embeddable":true,"href":"http:\/\/www.tenis-krka.org\/index.php?rest_route=%2Fwp%2Fv2%2Fcomments&post=2198"}],"version-history":[{"count":6,"href":"http:\/\/www.tenis-krka.org\/index.php?rest_route=\/wp\/v2\/posts\/2198\/revisions"}],"predecessor-version":[{"id":3619,"href":"http:\/\/www.tenis-krka.org\/index.php?rest_route=\/wp\/v2\/posts\/2198\/revisions\/3619"}],"wp:attachment":[{"href":"http:\/\/www.tenis-krka.org\/index.php?rest_route=%2Fwp%2Fv2%2Fmedia&parent=2198"}],"wp:term":[{"taxonomy":"category","embeddable":true,"href":"http:\/\/www.tenis-krka.org\/index.php?rest_route=%2Fwp%2Fv2%2Fcategories&post=2198"},{"taxonomy":"post_tag","embeddable":true,"href":"http:\/\/www.tenis-krka.org\/index.php?rest_route=%2Fwp%2Fv2%2Ftags&post=2198"}],"curies":[{"name":"wp","href":"https:\/\/api.w.org\/{rel}","templated":true}]}}