{"id":2195,"date":"2013-01-13T12:26:28","date_gmt":"2013-01-13T10:26:28","guid":{"rendered":"http:\/\/www.tenis-krka.org\/?p=2195"},"modified":"2019-05-27T15:16:17","modified_gmt":"2019-05-27T13:16:17","slug":"ziva-falkner-clanica-tk-krka-otocec-postala-2-x-drzavna-prvakinja-v-tenisu-do-12-let","status":"publish","type":"post","link":"http:\/\/www.tenis-krka.org\/?p=2195","title":{"rendered":"\u017dIVA FALKNER \u010cLANICA TK KRKA OTO\u010cEC POSTALA 2 X DR\u017dAVNA PRVAKINJA V TENISU DO 12 LET!"},"content":{"rendered":"<p>&nbsp;<\/p>\n<div id=\"attachment_2191\" style=\"width: 310px\" class=\"wp-caption alignleft\"><a href=\"http:\/\/www.tenis-krka.org\/wp-content\/uploads\/2013\/01\/\u017diva-DP12.jpg\"><img loading=\"lazy\" decoding=\"async\" aria-describedby=\"caption-attachment-2191\" class=\"size-medium wp-image-2191\" alt=\"\u017diva\" src=\"http:\/\/www.tenis-krka.org\/wp-content\/uploads\/2013\/01\/\u017diva-DP12-300x200.jpg\" width=\"300\" height=\"200\" srcset=\"http:\/\/www.tenis-krka.org\/wp-content\/uploads\/2013\/01\/\u017diva-DP12-300x200.jpg 300w, http:\/\/www.tenis-krka.org\/wp-content\/uploads\/2013\/01\/\u017diva-DP12-1024x683.jpg 1024w, http:\/\/www.tenis-krka.org\/wp-content\/uploads\/2013\/01\/\u017diva-DP12.jpg 1442w\" sizes=\"auto, (max-width: 300px) 100vw, 300px\" \/><\/a><p id=\"caption-attachment-2191\" class=\"wp-caption-text\">\u017diva<\/p><\/div>\n<p><span style=\"color: navy;font-family: Arial;font-size: large\">\u00a0Poleg odli\u010dnih nastopov igralcev in igralk teni\u0161kega kluba KRKA Oto\u010dec na dr\u017eavnem prvenstvu v tenisu do 16 let na Oto\u010dcu je super tekmovalni teden imela tudi \u017dIVA FALKNER NA DP DO 12 LET V LJUBLJANI.<\/span><\/p>\n<p><span style=\"color: navy;font-family: Arial;font-size: large\">\u00a0Na dr\u017eavnem prvenstvu do 12 let, ki se je danes\u00a0 kon\u010dalo v ljubljani je \u017dIVA\u00a0 povozila vse sotekmovalke in suvereno osvojila svoj prvi naslov dr\u017eavne prvakinje v igri posamezno in tudi v igri dvojic. <\/span><\/p>\n<p><span style=\"color: navy;font-family: Arial;font-size: large\">\u00a0<\/span><b><span style=\"text-decoration: underline\"><span style=\"color: navy;font-family: Arial;font-size: large\">prvi\u010d v zgodovini tzs se je desetletna igralka uvrstila v finale dp do 12 let in tudi postala dr\u017eavna prvakinja \/<\/span><\/span><\/b><\/p>\n<p><span style=\"color: navy;font-family: Arial;font-size: large\">V FINALU JE PREMAGALA MARIJO VI\u010cI\u010c Z REZULTATOM 64 46 75.<\/span><\/p>\n<p><span style=\"color: navy;font-family: Arial;font-size: large\">\u00a0<strong><span style=\"font-size: x-large\">BRAVO \u017dIVA !<\/span><\/strong><\/span><\/p>\n<p><span style=\"color: navy;font-family: Arial;font-size: large\"><br \/>\n<\/span><\/p>\n","protected":false},"excerpt":{"rendered":"<p>&nbsp; \u00a0Poleg odli\u010dnih nastopov igralcev in igralk teni\u0161kega kluba KRKA Oto\u010dec na dr\u017eavnem prvenstvu v tenisu do 16 let na Oto\u010dcu je super tekmovalni teden imela tudi \u017dIVA FALKNER NA DP DO 12 LET V LJUBLJANI. \u00a0Na dr\u017eavnem prvenstvu do 12 let, ki se je danes\u00a0 kon\u010dalo v ljubljani je \u017dIVA\u00a0 povozila vse sotekmovalke in [&hellip;]<\/p>\n","protected":false},"author":1,"featured_media":0,"comment_status":"closed","ping_status":"open","sticky":false,"template":"","format":"standard","meta":{"ngg_post_thumbnail":0,"footnotes":""},"categories":[6],"tags":[],"class_list":["post-2195","post","type-post","status-publish","format-standard","hentry","category-rezult"],"aioseo_notices":[],"_links":{"self":[{"href":"http:\/\/www.tenis-krka.org\/index.php?rest_route=\/wp\/v2\/posts\/2195","targetHints":{"allow":["GET"]}}],"collection":[{"href":"http:\/\/www.tenis-krka.org\/index.php?rest_route=\/wp\/v2\/posts"}],"about":[{"href":"http:\/\/www.tenis-krka.org\/index.php?rest_route=\/wp\/v2\/types\/post"}],"author":[{"embeddable":true,"href":"http:\/\/www.tenis-krka.org\/index.php?rest_route=\/wp\/v2\/users\/1"}],"replies":[{"embeddable":true,"href":"http:\/\/www.tenis-krka.org\/index.php?rest_route=%2Fwp%2Fv2%2Fcomments&post=2195"}],"version-history":[{"count":2,"href":"http:\/\/www.tenis-krka.org\/index.php?rest_route=\/wp\/v2\/posts\/2195\/revisions"}],"predecessor-version":[{"id":2197,"href":"http:\/\/www.tenis-krka.org\/index.php?rest_route=\/wp\/v2\/posts\/2195\/revisions\/2197"}],"wp:attachment":[{"href":"http:\/\/www.tenis-krka.org\/index.php?rest_route=%2Fwp%2Fv2%2Fmedia&parent=2195"}],"wp:term":[{"taxonomy":"category","embeddable":true,"href":"http:\/\/www.tenis-krka.org\/index.php?rest_route=%2Fwp%2Fv2%2Fcategories&post=2195"},{"taxonomy":"post_tag","embeddable":true,"href":"http:\/\/www.tenis-krka.org\/index.php?rest_route=%2Fwp%2Fv2%2Ftags&post=2195"}],"curies":[{"name":"wp","href":"https:\/\/api.w.org\/{rel}","templated":true}]}}