{"id":2186,"date":"2013-01-11T12:32:49","date_gmt":"2013-01-11T10:32:49","guid":{"rendered":"http:\/\/www.tenis-krka.org\/?p=2186"},"modified":"2019-05-27T15:16:17","modified_gmt":"2019-05-27T13:16:17","slug":"igralci-in-igralke-teniskega-kluba-krka-otocec-najvecje-presenecenje-zimskih-drzavnih-prvenstev","status":"publish","type":"post","link":"http:\/\/www.tenis-krka.org\/?p=2186","title":{"rendered":"IGRALCI IN IGRALKE TENI\u0160KEGA KLUBA KRKA OTO\u010cEC NAJVE\u010cJE PRESENE\u010cENJE ZIMSKIH DR\u017dAVNIH PRVENSTEV"},"content":{"rendered":"<p>&nbsp;<\/p>\n<div id=\"attachment_2188\" style=\"width: 310px\" class=\"wp-caption alignleft\"><a href=\"http:\/\/www.tenis-krka.org\/wp-content\/uploads\/2013\/01\/Bor-1.jpg\"><img loading=\"lazy\" decoding=\"async\" aria-describedby=\"caption-attachment-2188\" class=\"size-medium wp-image-2188\" alt=\"Bor\" src=\"http:\/\/www.tenis-krka.org\/wp-content\/uploads\/2013\/01\/Bor-1-300x200.jpg\" width=\"300\" height=\"200\" srcset=\"http:\/\/www.tenis-krka.org\/wp-content\/uploads\/2013\/01\/Bor-1-300x200.jpg 300w, http:\/\/www.tenis-krka.org\/wp-content\/uploads\/2013\/01\/Bor-1.jpg 600w\" sizes=\"auto, (max-width: 300px) 100vw, 300px\" \/><\/a><p id=\"caption-attachment-2188\" class=\"wp-caption-text\">Bor<\/p><\/div>\n<p><span style=\"font-size: medium\"><b><span style=\"color: navy;font-family: Arial\">POLFINALE SO SI PREIGRALI \u2013 <\/span><\/b><strong><span style=\"color: navy;font-family: Arial\">B<\/span><span style=\"color: navy;font-family: Arial\">or Schweiger M<\/span><span style=\"color: navy;font-family: Arial\">u\u017ear<\/span><\/strong><b><span style=\"color: navy;font-family: Arial\"><strong>, Evgenija Burger na dp do <b><strong>16 let \u00a0in \u017diva Falkner na dp do 12 let. <\/strong><\/b><br \/>\n<\/strong><\/span><\/b><\/span><\/p>\n<div id=\"attachment_2190\" style=\"width: 310px\" class=\"wp-caption alignleft\"><a href=\"http:\/\/www.tenis-krka.org\/wp-content\/uploads\/2013\/01\/trener-gordan-in-evgenija-burger.jpg\"><img loading=\"lazy\" decoding=\"async\" aria-describedby=\"caption-attachment-2190\" class=\"size-medium wp-image-2190\" alt=\"Gordan in Evgenija\" src=\"http:\/\/www.tenis-krka.org\/wp-content\/uploads\/2013\/01\/trener-gordan-in-evgenija-burger-300x225.jpg\" width=\"300\" height=\"225\" srcset=\"http:\/\/www.tenis-krka.org\/wp-content\/uploads\/2013\/01\/trener-gordan-in-evgenija-burger-300x225.jpg 300w, http:\/\/www.tenis-krka.org\/wp-content\/uploads\/2013\/01\/trener-gordan-in-evgenija-burger.jpg 960w\" sizes=\"auto, (max-width: 300px) 100vw, 300px\" \/><\/a><p id=\"caption-attachment-2190\" class=\"wp-caption-text\">Gordan in Evgenija<\/p><\/div>\n<p><span style=\"font-size: medium\"><b><span style=\"color: navy;font-family: Arial\"><strong><br \/>\n<\/strong> <\/span><\/b><\/span><\/p>\n<p><span style=\"color: navy;font-family: Arial;font-size: small\">\u00a0<\/span><\/p>\n<div id=\"attachment_2191\" style=\"width: 310px\" class=\"wp-caption alignleft\"><a href=\"http:\/\/www.tenis-krka.org\/wp-content\/uploads\/2013\/01\/\u017diva-DP12.jpg\"><img loading=\"lazy\" decoding=\"async\" aria-describedby=\"caption-attachment-2191\" class=\"size-medium wp-image-2191\" alt=\"\u017diva\" src=\"http:\/\/www.tenis-krka.org\/wp-content\/uploads\/2013\/01\/\u017diva-DP12-300x200.jpg\" width=\"300\" height=\"200\" srcset=\"http:\/\/www.tenis-krka.org\/wp-content\/uploads\/2013\/01\/\u017diva-DP12-300x200.jpg 300w, http:\/\/www.tenis-krka.org\/wp-content\/uploads\/2013\/01\/\u017diva-DP12-1024x683.jpg 1024w, http:\/\/www.tenis-krka.org\/wp-content\/uploads\/2013\/01\/\u017diva-DP12.jpg 1442w\" sizes=\"auto, (max-width: 300px) 100vw, 300px\" \/><\/a><p id=\"caption-attachment-2191\" class=\"wp-caption-text\">\u017diva<\/p><\/div>\n<p><span style=\"color: navy;font-family: Arial;font-size: small\"><span style=\"font-size: x-large\">Seveda pri\u010dakujemo njihov preboj v finale in s tem najve\u010dji uspeh v zgodovini kluba.<\/span><\/span><\/p>\n<p><span style=\"font-size: medium\"><b><span style=\"text-decoration: underline\"><span style=\"color: navy;font-family: Arial\">V finalu dvojic pa so \u017ee \u00a0na dp 16 \u00a0\u00a0tudi Nika\u00a0 Zupan\u010di\u010d in Bor Schweiger Mu\u017ear in na dp do 12 let \u017diva Falkner.<\/span><\/span><\/b><\/span><\/p>\n<p><strong><span style=\"color: navy;font-family: Arial;font-size: medium\">Tudi Nik Hribar je naredil odli\u010den rezultat z uvrstitvijo med 16. najbolj\u0161ih in mlaj\u0161a Lara Lapajne, ki je izpadla v 1. krogu, toda z odli\u010dno igro in borbo.<\/span><\/strong><\/p>\n<p><span style=\"color: blue;font-family: Arial;font-size: x-large\">Vabljeni na ogled polfinalnih tekem, v soboto, od 12. ure dalje in finale, v nedeljo dopoldan\u2026<\/span><\/p>\n","protected":false},"excerpt":{"rendered":"<p>&nbsp; POLFINALE SO SI PREIGRALI \u2013 Bor Schweiger Mu\u017ear, Evgenija Burger na dp do 16 let \u00a0in \u017diva Falkner na dp do 12 let. \u00a0 Seveda pri\u010dakujemo njihov preboj v finale in s tem najve\u010dji uspeh v zgodovini kluba. V finalu dvojic pa so \u017ee \u00a0na dp 16 \u00a0\u00a0tudi Nika\u00a0 Zupan\u010di\u010d in Bor Schweiger Mu\u017ear [&hellip;]<\/p>\n","protected":false},"author":1,"featured_media":0,"comment_status":"closed","ping_status":"open","sticky":false,"template":"","format":"standard","meta":{"ngg_post_thumbnail":0,"footnotes":""},"categories":[20,6,5],"tags":[],"class_list":["post-2186","post","type-post","status-publish","format-standard","hentry","category-turnirji","category-rezult","category-tekm"],"aioseo_notices":[],"_links":{"self":[{"href":"http:\/\/www.tenis-krka.org\/index.php?rest_route=\/wp\/v2\/posts\/2186","targetHints":{"allow":["GET"]}}],"collection":[{"href":"http:\/\/www.tenis-krka.org\/index.php?rest_route=\/wp\/v2\/posts"}],"about":[{"href":"http:\/\/www.tenis-krka.org\/index.php?rest_route=\/wp\/v2\/types\/post"}],"author":[{"embeddable":true,"href":"http:\/\/www.tenis-krka.org\/index.php?rest_route=\/wp\/v2\/users\/1"}],"replies":[{"embeddable":true,"href":"http:\/\/www.tenis-krka.org\/index.php?rest_route=%2Fwp%2Fv2%2Fcomments&post=2186"}],"version-history":[{"count":5,"href":"http:\/\/www.tenis-krka.org\/index.php?rest_route=\/wp\/v2\/posts\/2186\/revisions"}],"predecessor-version":[{"id":2189,"href":"http:\/\/www.tenis-krka.org\/index.php?rest_route=\/wp\/v2\/posts\/2186\/revisions\/2189"}],"wp:attachment":[{"href":"http:\/\/www.tenis-krka.org\/index.php?rest_route=%2Fwp%2Fv2%2Fmedia&parent=2186"}],"wp:term":[{"taxonomy":"category","embeddable":true,"href":"http:\/\/www.tenis-krka.org\/index.php?rest_route=%2Fwp%2Fv2%2Fcategories&post=2186"},{"taxonomy":"post_tag","embeddable":true,"href":"http:\/\/www.tenis-krka.org\/index.php?rest_route=%2Fwp%2Fv2%2Ftags&post=2186"}],"curies":[{"name":"wp","href":"https:\/\/api.w.org\/{rel}","templated":true}]}}