{"id":2129,"date":"2012-11-27T13:02:36","date_gmt":"2012-11-27T11:02:36","guid":{"rendered":"http:\/\/www.tenis-krka.org\/?p=2129"},"modified":"2019-05-27T15:16:18","modified_gmt":"2019-05-27T13:16:18","slug":"bor-v-finalu-op-velenje-do-16-let-26-11-2012","status":"publish","type":"post","link":"http:\/\/www.tenis-krka.org\/?p=2129","title":{"rendered":"BOR V FINALU OP Velenje do 16 let (26.11.2012)"},"content":{"rendered":"<div id=\"attachment_2015\" style=\"width: 160px\" class=\"wp-caption alignleft\"><a href=\"http:\/\/www.tenis-krka.org\/wp-content\/uploads\/2012\/05\/Bor-e1337932915874.jpg\"><img loading=\"lazy\" decoding=\"async\" aria-describedby=\"caption-attachment-2015\" class=\"size-thumbnail wp-image-2015\" src=\"http:\/\/www.tenis-krka.org\/wp-content\/uploads\/2012\/05\/Bor-e1337932915874-150x150.jpg\" alt=\"Bor SCHWEIGER MUZAR\" width=\"150\" height=\"150\" \/><\/a><p id=\"caption-attachment-2015\" class=\"wp-caption-text\">Bor SCHWEIGER MUZAR<\/p><\/div>\n<p><strong>V Velenju je potekalo Odprto prvenstvo do 16 let za dekleta in fante.<\/strong><\/p>\n<p><strong>Bor Schweiger-Mu\u017ear<\/strong>\u00a0 je \u0161ele v finalu priznal premo\u010d nasprotnika 6:2, 3:6, 4:6.<\/p>\n<div id=\"attachment_2081\" style=\"width: 160px\" class=\"wp-caption alignleft\"><a href=\"http:\/\/www.tenis-krka.org\/wp-content\/uploads\/2012\/09\/DSCF4210-e1346915307807.jpg\"><img loading=\"lazy\" decoding=\"async\" aria-describedby=\"caption-attachment-2081\" class=\"size-thumbnail wp-image-2081\" src=\"http:\/\/www.tenis-krka.org\/wp-content\/uploads\/2012\/09\/DSCF4210-e1346915307807-150x150.jpg\" alt=\"Nik Hribar\" width=\"150\" height=\"150\" \/><\/a><p id=\"caption-attachment-2081\" class=\"wp-caption-text\">Nik Hribar<\/p><\/div>\n<p>Na turnirju sta nastopila \u0161e <strong>Nik Hribar<\/strong> in pri dekletih <strong>Evgenija Burger<\/strong>. Oba sta uspe\u0161no opravila prvo kolo, v drugem pa bila pora\u017eena.<\/p>\n<div id=\"attachment_1675\" style=\"width: 160px\" class=\"wp-caption alignleft\"><a href=\"http:\/\/www.tenis-krka.org\/wp-content\/uploads\/2012\/01\/DEKDG1-e1326107556890.jpg\"><img loading=\"lazy\" decoding=\"async\" aria-describedby=\"caption-attachment-1675\" class=\"size-thumbnail wp-image-1675\" src=\"http:\/\/www.tenis-krka.org\/wp-content\/uploads\/2012\/01\/DEKDG1-e1326107556890-150x150.jpg\" alt=\"\" width=\"150\" height=\"150\" \/><\/a><p id=\"caption-attachment-1675\" class=\"wp-caption-text\">Evgenija Burger<\/p><\/div>\n","protected":false},"excerpt":{"rendered":"<p>V Velenju je potekalo Odprto prvenstvo do 16 let za dekleta in fante. Bor Schweiger-Mu\u017ear\u00a0 je \u0161ele v finalu priznal premo\u010d nasprotnika 6:2, 3:6, 4:6. Na turnirju sta nastopila \u0161e Nik Hribar in pri dekletih Evgenija Burger. Oba sta uspe\u0161no opravila prvo kolo, v drugem pa bila pora\u017eena.<\/p>\n","protected":false},"author":1,"featured_media":0,"comment_status":"closed","ping_status":"open","sticky":false,"template":"","format":"standard","meta":{"ngg_post_thumbnail":0,"footnotes":""},"categories":[6],"tags":[],"class_list":["post-2129","post","type-post","status-publish","format-standard","hentry","category-rezult"],"aioseo_notices":[],"_links":{"self":[{"href":"http:\/\/www.tenis-krka.org\/index.php?rest_route=\/wp\/v2\/posts\/2129","targetHints":{"allow":["GET"]}}],"collection":[{"href":"http:\/\/www.tenis-krka.org\/index.php?rest_route=\/wp\/v2\/posts"}],"about":[{"href":"http:\/\/www.tenis-krka.org\/index.php?rest_route=\/wp\/v2\/types\/post"}],"author":[{"embeddable":true,"href":"http:\/\/www.tenis-krka.org\/index.php?rest_route=\/wp\/v2\/users\/1"}],"replies":[{"embeddable":true,"href":"http:\/\/www.tenis-krka.org\/index.php?rest_route=%2Fwp%2Fv2%2Fcomments&post=2129"}],"version-history":[{"count":2,"href":"http:\/\/www.tenis-krka.org\/index.php?rest_route=\/wp\/v2\/posts\/2129\/revisions"}],"predecessor-version":[{"id":3629,"href":"http:\/\/www.tenis-krka.org\/index.php?rest_route=\/wp\/v2\/posts\/2129\/revisions\/3629"}],"wp:attachment":[{"href":"http:\/\/www.tenis-krka.org\/index.php?rest_route=%2Fwp%2Fv2%2Fmedia&parent=2129"}],"wp:term":[{"taxonomy":"category","embeddable":true,"href":"http:\/\/www.tenis-krka.org\/index.php?rest_route=%2Fwp%2Fv2%2Fcategories&post=2129"},{"taxonomy":"post_tag","embeddable":true,"href":"http:\/\/www.tenis-krka.org\/index.php?rest_route=%2Fwp%2Fv2%2Ftags&post=2129"}],"curies":[{"name":"wp","href":"https:\/\/api.w.org\/{rel}","templated":true}]}}