{"id":2120,"date":"2012-11-06T11:08:55","date_gmt":"2012-11-06T09:08:55","guid":{"rendered":"http:\/\/www.tenis-krka.org\/?p=2120"},"modified":"2019-05-27T15:16:18","modified_gmt":"2019-05-27T13:16:18","slug":"pia-fackovic-volcanjk-3-11-2012","status":"publish","type":"post","link":"http:\/\/www.tenis-krka.org\/?p=2120","title":{"rendered":"Pia Fackovi\u010d Vol\u010danjk (3.11.2012)"},"content":{"rendered":"<p><a href=\"http:\/\/www.tenis-krka.org\/wp-content\/uploads\/2012\/11\/Pia.jpg\"><img loading=\"lazy\" decoding=\"async\" class=\"alignleft size-medium wp-image-2121\" src=\"http:\/\/www.tenis-krka.org\/wp-content\/uploads\/2012\/11\/Pia-e1352192842771-300x222.jpg\" alt=\"\" width=\"300\" height=\"222\" srcset=\"http:\/\/www.tenis-krka.org\/wp-content\/uploads\/2012\/11\/Pia-e1352192842771-300x222.jpg 300w, http:\/\/www.tenis-krka.org\/wp-content\/uploads\/2012\/11\/Pia-e1352192842771.jpg 748w\" sizes=\"auto, (max-width: 300px) 100vw, 300px\" \/><\/a>Trener TK Krka Oto\u010dec Gordan Jankovi\u0107\u00a0 se je s simboli\u010dnimi nagradami zahvalil Pii Fackovi\u010d na ve\u010d kot\u00a0\u00a0 enoletnem sodelovanju in na dose\u017eenih rezultatih (ekipno in posamezno) v na\u0161em klubu .<br \/>\nUpamo da bo Pia \u0161e bolj uspe\u0161na tudi v prihodnosti, ne samo v \u0161portu, ampak tudi v svojem privatnem \u017eivljenju, \u0161oli , slu\u017ebi&#8230;<br \/>\n<strong>Hvala Pia<\/strong><\/p>\n","protected":false},"excerpt":{"rendered":"<p>Trener TK Krka Oto\u010dec Gordan Jankovi\u0107\u00a0 se je s simboli\u010dnimi nagradami zahvalil Pii Fackovi\u010d na ve\u010d kot\u00a0\u00a0 enoletnem sodelovanju in na dose\u017eenih rezultatih (ekipno in posamezno) v na\u0161em klubu . Upamo da bo Pia \u0161e bolj uspe\u0161na tudi v prihodnosti, ne samo v \u0161portu, ampak tudi v svojem privatnem \u017eivljenju, \u0161oli , slu\u017ebi&#8230; Hvala Pia<\/p>\n","protected":false},"author":1,"featured_media":0,"comment_status":"closed","ping_status":"open","sticky":false,"template":"","format":"standard","meta":{"ngg_post_thumbnail":0,"footnotes":""},"categories":[4],"tags":[],"class_list":["post-2120","post","type-post","status-publish","format-standard","hentry","category-dog"],"aioseo_notices":[],"_links":{"self":[{"href":"http:\/\/www.tenis-krka.org\/index.php?rest_route=\/wp\/v2\/posts\/2120","targetHints":{"allow":["GET"]}}],"collection":[{"href":"http:\/\/www.tenis-krka.org\/index.php?rest_route=\/wp\/v2\/posts"}],"about":[{"href":"http:\/\/www.tenis-krka.org\/index.php?rest_route=\/wp\/v2\/types\/post"}],"author":[{"embeddable":true,"href":"http:\/\/www.tenis-krka.org\/index.php?rest_route=\/wp\/v2\/users\/1"}],"replies":[{"embeddable":true,"href":"http:\/\/www.tenis-krka.org\/index.php?rest_route=%2Fwp%2Fv2%2Fcomments&post=2120"}],"version-history":[{"count":4,"href":"http:\/\/www.tenis-krka.org\/index.php?rest_route=\/wp\/v2\/posts\/2120\/revisions"}],"predecessor-version":[{"id":3631,"href":"http:\/\/www.tenis-krka.org\/index.php?rest_route=\/wp\/v2\/posts\/2120\/revisions\/3631"}],"wp:attachment":[{"href":"http:\/\/www.tenis-krka.org\/index.php?rest_route=%2Fwp%2Fv2%2Fmedia&parent=2120"}],"wp:term":[{"taxonomy":"category","embeddable":true,"href":"http:\/\/www.tenis-krka.org\/index.php?rest_route=%2Fwp%2Fv2%2Fcategories&post=2120"},{"taxonomy":"post_tag","embeddable":true,"href":"http:\/\/www.tenis-krka.org\/index.php?rest_route=%2Fwp%2Fv2%2Ftags&post=2120"}],"curies":[{"name":"wp","href":"https:\/\/api.w.org\/{rel}","templated":true}]}}