{"id":2037,"date":"2012-07-08T13:29:55","date_gmt":"2012-07-08T11:29:55","guid":{"rendered":"http:\/\/www.tenis-krka.org\/?p=2037"},"modified":"2019-05-27T15:16:19","modified_gmt":"2019-05-27T13:16:19","slug":"lian-benedejcic-osvojila-turnir-te-u12-na-otoccu","status":"publish","type":"post","link":"http:\/\/www.tenis-krka.org\/?p=2037","title":{"rendered":"Lian Benedej\u010di\u010d osvojila turnir TE U12 na Oto\u010dcu"},"content":{"rendered":"<p>&nbsp;<\/p>\n<div id=\"attachment_2038\" style=\"width: 160px\" class=\"wp-caption alignleft\"><a href=\"http:\/\/www.tenis-krka.org\/wp-content\/uploads\/2012\/07\/zmagovalci-te-12-2012.jpg\"><img loading=\"lazy\" decoding=\"async\" aria-describedby=\"caption-attachment-2038\" class=\"size-thumbnail wp-image-2038\" src=\"http:\/\/www.tenis-krka.org\/wp-content\/uploads\/2012\/07\/zmagovalci-te-12-2012-150x150.jpg\" alt=\"\" width=\"150\" height=\"150\" \/><\/a><p id=\"caption-attachment-2038\" class=\"wp-caption-text\">Zmagovalci TE 12 Oto\u010dec<\/p><\/div>\n<p><span style=\"font-family: Arial;font-size: small\">Na Oto\u010dcu se je kon\u010dal mednarodni turnir TE U12 za de\u010dke in deklice. <\/span><\/p>\n<p><span style=\"font-family: Arial;font-size: small\">V finalu turnirja deklic je Lian BENEDEJ\u010cI\u010c iz Kopra dosegla \u0161e en lep mednarodni uspeh. Po zmagi na turnirju TE U 12 v Kopru je danes osvojila \u0161e turnir na Oto\u010dcu. V finalu je z rezultatom 61 26 75 premagala Rusinjo Varvaro GRACHEVO. <\/span><\/p>\n<p><span style=\"font-family: Arial;font-size: small\"><br \/>\n<\/span><\/p>\n<p><span style=\"font-family: Arial;font-size: small\">Rok KOMAC, ki je presenetil z dobrimi nastopi in se uvrstil v polfinale je izgubil s Karlom SUEVI\u010cEM iz Hrva\u0161ke z rezultatom 16 26. Ta je tudi na koncu slavil, ko je v finalu premagal Rusa Yana BONDAREVSKIYA s 76(5) 63. <\/span><\/p>\n<p><span style=\"font-family: Arial;font-size: small\">V konkurenci dvojic je slavila, zdaj \u017ee zelo uigrana dvojica, Nika RADI\u0160I\u010c in Tina CVETKOVI\u010c. V finalu sta s 62 62 premagali na\u0161 par Lian BENEDEJ\u010cI\u010c in Anja GAL. <\/span><\/p>\n<p><span style=\"font-family: Arial;font-size: small\">Za finale sta se pri fantih borila Matic PODLIPNIK in Jan KUP\u010cI\u010c, a sta polfinalno sre\u010danje z Rusom Yanom BONDAREVSKIYM in Hrvatom Karlom SUEVI\u010cEM izgubila z 16 06. (DH)<br \/>\n<\/span><\/p>\n","protected":false},"excerpt":{"rendered":"<p>&nbsp; Na Oto\u010dcu se je kon\u010dal mednarodni turnir TE U12 za de\u010dke in deklice. V finalu turnirja deklic je Lian BENEDEJ\u010cI\u010c iz Kopra dosegla \u0161e en lep mednarodni uspeh. Po zmagi na turnirju TE U 12 v Kopru je danes osvojila \u0161e turnir na Oto\u010dcu. V finalu je z rezultatom 61 26 75 premagala Rusinjo [&hellip;]<\/p>\n","protected":false},"author":1,"featured_media":0,"comment_status":"closed","ping_status":"open","sticky":false,"template":"","format":"standard","meta":{"ngg_post_thumbnail":0,"footnotes":""},"categories":[4,6],"tags":[],"class_list":["post-2037","post","type-post","status-publish","format-standard","hentry","category-dog","category-rezult"],"aioseo_notices":[],"_links":{"self":[{"href":"http:\/\/www.tenis-krka.org\/index.php?rest_route=\/wp\/v2\/posts\/2037","targetHints":{"allow":["GET"]}}],"collection":[{"href":"http:\/\/www.tenis-krka.org\/index.php?rest_route=\/wp\/v2\/posts"}],"about":[{"href":"http:\/\/www.tenis-krka.org\/index.php?rest_route=\/wp\/v2\/types\/post"}],"author":[{"embeddable":true,"href":"http:\/\/www.tenis-krka.org\/index.php?rest_route=\/wp\/v2\/users\/1"}],"replies":[{"embeddable":true,"href":"http:\/\/www.tenis-krka.org\/index.php?rest_route=%2Fwp%2Fv2%2Fcomments&post=2037"}],"version-history":[{"count":4,"href":"http:\/\/www.tenis-krka.org\/index.php?rest_route=\/wp\/v2\/posts\/2037\/revisions"}],"predecessor-version":[{"id":3645,"href":"http:\/\/www.tenis-krka.org\/index.php?rest_route=\/wp\/v2\/posts\/2037\/revisions\/3645"}],"wp:attachment":[{"href":"http:\/\/www.tenis-krka.org\/index.php?rest_route=%2Fwp%2Fv2%2Fmedia&parent=2037"}],"wp:term":[{"taxonomy":"category","embeddable":true,"href":"http:\/\/www.tenis-krka.org\/index.php?rest_route=%2Fwp%2Fv2%2Fcategories&post=2037"},{"taxonomy":"post_tag","embeddable":true,"href":"http:\/\/www.tenis-krka.org\/index.php?rest_route=%2Fwp%2Fv2%2Ftags&post=2037"}],"curies":[{"name":"wp","href":"https:\/\/api.w.org\/{rel}","templated":true}]}}