{"id":2020,"date":"2012-05-28T12:40:37","date_gmt":"2012-05-28T10:40:37","guid":{"rendered":"http:\/\/www.tenis-krka.org\/?p=2020"},"modified":"2019-05-27T15:16:33","modified_gmt":"2019-05-27T13:16:33","slug":"ziva-osvojila-turnir-v-kopru-do-11-let","status":"publish","type":"post","link":"http:\/\/www.tenis-krka.org\/?p=2020","title":{"rendered":"\u017diva osvojila turnir v Kopru ( do 11 let)"},"content":{"rendered":"<div id=\"attachment_2021\" style=\"width: 160px\" class=\"wp-caption alignleft\"><a href=\"http:\/\/www.tenis-krka.org\/wp-content\/uploads\/2012\/05\/ziva-koper2012.jpg\"><img loading=\"lazy\" decoding=\"async\" aria-describedby=\"caption-attachment-2021\" class=\"size-thumbnail wp-image-2021\" src=\"http:\/\/www.tenis-krka.org\/wp-content\/uploads\/2012\/05\/ziva-koper2012-e1338201598152-150x150.jpg\" alt=\"\u017diva Falkner TK Krka Oto\u010dec\" width=\"150\" height=\"150\" \/><\/a><p id=\"caption-attachment-2021\" class=\"wp-caption-text\">\u017diva Falkner TK Krka Oto\u010dec<\/p><\/div>\n<p>V Kopru je ta konec tedna potekal teni\u0161ki turnir v kategoriji 8-11 let.<\/p>\n<p>V kategoriji tenis do 11 let je \u017diva zopet osvojila sam vrh.<\/p>\n<p><strong><span style=\"font-size: medium;color: #ff0000\">BRAVO \u017dIVA.<\/span><\/strong><\/p>\n","protected":false},"excerpt":{"rendered":"<p>V Kopru je ta konec tedna potekal teni\u0161ki turnir v kategoriji 8-11 let. V kategoriji tenis do 11 let je \u017diva zopet osvojila sam vrh. BRAVO \u017dIVA.<\/p>\n","protected":false},"author":1,"featured_media":0,"comment_status":"closed","ping_status":"open","sticky":false,"template":"","format":"standard","meta":{"ngg_post_thumbnail":0,"footnotes":""},"categories":[6],"tags":[],"class_list":["post-2020","post","type-post","status-publish","format-standard","hentry","category-rezult"],"aioseo_notices":[],"_links":{"self":[{"href":"http:\/\/www.tenis-krka.org\/index.php?rest_route=\/wp\/v2\/posts\/2020","targetHints":{"allow":["GET"]}}],"collection":[{"href":"http:\/\/www.tenis-krka.org\/index.php?rest_route=\/wp\/v2\/posts"}],"about":[{"href":"http:\/\/www.tenis-krka.org\/index.php?rest_route=\/wp\/v2\/types\/post"}],"author":[{"embeddable":true,"href":"http:\/\/www.tenis-krka.org\/index.php?rest_route=\/wp\/v2\/users\/1"}],"replies":[{"embeddable":true,"href":"http:\/\/www.tenis-krka.org\/index.php?rest_route=%2Fwp%2Fv2%2Fcomments&post=2020"}],"version-history":[{"count":3,"href":"http:\/\/www.tenis-krka.org\/index.php?rest_route=\/wp\/v2\/posts\/2020\/revisions"}],"predecessor-version":[{"id":3649,"href":"http:\/\/www.tenis-krka.org\/index.php?rest_route=\/wp\/v2\/posts\/2020\/revisions\/3649"}],"wp:attachment":[{"href":"http:\/\/www.tenis-krka.org\/index.php?rest_route=%2Fwp%2Fv2%2Fmedia&parent=2020"}],"wp:term":[{"taxonomy":"category","embeddable":true,"href":"http:\/\/www.tenis-krka.org\/index.php?rest_route=%2Fwp%2Fv2%2Fcategories&post=2020"},{"taxonomy":"post_tag","embeddable":true,"href":"http:\/\/www.tenis-krka.org\/index.php?rest_route=%2Fwp%2Fv2%2Ftags&post=2020"}],"curies":[{"name":"wp","href":"https:\/\/api.w.org\/{rel}","templated":true}]}}