{"id":1995,"date":"2012-05-22T11:44:06","date_gmt":"2012-05-22T09:44:06","guid":{"rendered":"http:\/\/www.tenis-krka.org\/?p=1995"},"modified":"2019-05-27T15:16:34","modified_gmt":"2019-05-27T13:16:34","slug":"dan-slovenskega-tenisa-ljubljana","status":"publish","type":"post","link":"http:\/\/www.tenis-krka.org\/?p=1995","title":{"rendered":"DAN SLOVENSKEGA TENISA &#8211; LJUBLJANA"},"content":{"rendered":"<p><strong>V soboto\u00a0<\/strong>je na igri\u0161\u010dih TK Be\u017eigrad, <strong>Savsko naselje<\/strong>, <strong>v Ljubljani<\/strong>, potekal <strong>DAN SLOVENSKAGA TENISA. <\/strong><\/p>\n<p><strong>\u017diva Falkner<\/strong> je odli\u010dno igrala in prispela vse do finala v kategoriji tenis do 11 let.<\/p>\n<p><strong>Jani Retelj<\/strong> je v mini tenisu prispel do drugega kola.<\/p>\n","protected":false},"excerpt":{"rendered":"<p>V soboto\u00a0je na igri\u0161\u010dih TK Be\u017eigrad, Savsko naselje, v Ljubljani, potekal DAN SLOVENSKAGA TENISA. \u017diva Falkner je odli\u010dno igrala in prispela vse do finala v kategoriji tenis do 11 let. Jani Retelj je v mini tenisu prispel do drugega kola.<\/p>\n","protected":false},"author":1,"featured_media":0,"comment_status":"closed","ping_status":"open","sticky":false,"template":"","format":"standard","meta":{"ngg_post_thumbnail":0,"footnotes":""},"categories":[6],"tags":[],"class_list":["post-1995","post","type-post","status-publish","format-standard","hentry","category-rezult"],"aioseo_notices":[],"_links":{"self":[{"href":"http:\/\/www.tenis-krka.org\/index.php?rest_route=\/wp\/v2\/posts\/1995","targetHints":{"allow":["GET"]}}],"collection":[{"href":"http:\/\/www.tenis-krka.org\/index.php?rest_route=\/wp\/v2\/posts"}],"about":[{"href":"http:\/\/www.tenis-krka.org\/index.php?rest_route=\/wp\/v2\/types\/post"}],"author":[{"embeddable":true,"href":"http:\/\/www.tenis-krka.org\/index.php?rest_route=\/wp\/v2\/users\/1"}],"replies":[{"embeddable":true,"href":"http:\/\/www.tenis-krka.org\/index.php?rest_route=%2Fwp%2Fv2%2Fcomments&post=1995"}],"version-history":[{"count":2,"href":"http:\/\/www.tenis-krka.org\/index.php?rest_route=\/wp\/v2\/posts\/1995\/revisions"}],"predecessor-version":[{"id":1997,"href":"http:\/\/www.tenis-krka.org\/index.php?rest_route=\/wp\/v2\/posts\/1995\/revisions\/1997"}],"wp:attachment":[{"href":"http:\/\/www.tenis-krka.org\/index.php?rest_route=%2Fwp%2Fv2%2Fmedia&parent=1995"}],"wp:term":[{"taxonomy":"category","embeddable":true,"href":"http:\/\/www.tenis-krka.org\/index.php?rest_route=%2Fwp%2Fv2%2Fcategories&post=1995"},{"taxonomy":"post_tag","embeddable":true,"href":"http:\/\/www.tenis-krka.org\/index.php?rest_route=%2Fwp%2Fv2%2Ftags&post=1995"}],"curies":[{"name":"wp","href":"https:\/\/api.w.org\/{rel}","templated":true}]}}