{"id":1984,"date":"2012-05-16T12:04:59","date_gmt":"2012-05-16T10:04:59","guid":{"rendered":"http:\/\/www.tenis-krka.org\/?p=1984"},"modified":"2019-05-27T15:16:34","modified_gmt":"2019-05-27T13:16:34","slug":"poletni-teniski-kids-tour-turnirji-za-pokal-vitez-oto","status":"publish","type":"post","link":"http:\/\/www.tenis-krka.org\/?p=1984","title":{"rendered":"POLETNI TENI\u0160KI KIDS TOUR TURNIRJI ZA POKAL \u00bbVITEZ OTO\u00ab"},"content":{"rendered":"<p style=\"text-align: left\" align=\"center\"><span style=\"color: #ff0000;font-size: medium\"><strong>V SOBOTO 26.5. BO POLETNI TENI\u0160KI KIDS TOUR TURNIR ZA POKAL \u00bbVITEZA OTA\u00ab<\/strong><\/span><\/p>\n<p>&nbsp;<\/p>\n<p>KATEGORIJE:<\/p>\n<p><strong>MINI<\/strong> TENIS<strong>,\u00a0\u00a0 MIDI<\/strong> TENIS<strong>, TENIS<\/strong><\/p>\n<p><strong><span style=\"text-decoration: underline\">PRIJAVE:<\/span><\/strong> na e po\u0161to: dusan.hocevar88@gmail.com<\/p>\n<div>\n<blockquote>\n<div>\n<div>\n<p><span style=\"color: navy;font-family: Arial;font-size: x-small\">\u00a0<\/span><strong><span style=\"text-decoration: underline\"><span style=\"color: black\">V mesecu maju \u0161e:<\/span><\/span><\/strong><\/p>\n<p><strong><span style=\"text-decoration: underline\"><span style=\"color: black;font-family: Times New Roman;font-size: small\">\u00a0<\/span><\/span><\/strong><\/p>\n<p><strong><span style=\"color: black;font-family: Times New Roman;font-size: small\">1.\u00a0 za\u010dnemo z organizirano teni\u0161ko ligo za veterane, veteranke in otroke<\/span><\/strong><\/p>\n<p><strong><span style=\"color: black;font-family: Times New Roman;font-size: small\">2. te\u010daji tenisa za odrasle<\/span><\/strong><\/p>\n<p><strong><span style=\"color: black;font-family: Times New Roman;font-size: small\">3. predstavitvami teni\u0161ke \u0161ole po osnovnih \u0161olah Dolenjske in STALNIM VPISOM OTROK v TENI\u0160KO \u0160OLO.<\/span><\/strong><\/p>\n<p><strong><span style=\"color: black;font-family: Times New Roman;font-size: small\">4. slovenskimi veteranskimi ligami<\/span><\/strong><\/p>\n<p><strong><span style=\"color: black;font-family: Times New Roman;font-size: small\">5. dobrodelnim teni\u0161kim turnirjem \u00bbKRKA 2012 \u00bb ob tednu cvi\u010dka\u00ab<\/span><\/strong><\/p>\n<p><strong><span style=\"color: black;font-family: Times New Roman;font-size: small\">6. 1. dr\u017eavno ligo do 12 let in 3. \u010dlansko ligo<\/span><\/strong><\/p>\n<p><strong><span style=\"color: black;font-family: Times New Roman;font-size: small\">7. \u00a0pripravo tekmovalcev za mednarodna in dr\u017eavna tekmovanja TE v mb in dp kranj<\/span><\/strong><\/p>\n<p><strong><span style=\"color: black;font-family: Times New Roman;font-size: small\">\u00a0<\/span><\/strong><\/p>\n<p><strong><span style=\"color: blue;font-family: Times New Roman;font-size: small\">\u00a0<\/span><\/strong><\/p>\n<p><span style=\"font-family: Times New Roman;font-size: small\">VABLJENI v NA\u0160 klub na Oto\u010dec in tudi na rekreacijo.<\/span> (DH)<\/p>\n<\/div>\n<\/div>\n<\/blockquote>\n<\/div>\n","protected":false},"excerpt":{"rendered":"<p>V SOBOTO 26.5. BO POLETNI TENI\u0160KI KIDS TOUR TURNIR ZA POKAL \u00bbVITEZA OTA\u00ab &nbsp; KATEGORIJE: MINI TENIS,\u00a0\u00a0 MIDI TENIS, TENIS PRIJAVE: na e po\u0161to: dusan.hocevar88@gmail.com \u00a0V mesecu maju \u0161e: \u00a0 1.\u00a0 za\u010dnemo z organizirano teni\u0161ko ligo za veterane, veteranke in otroke 2. te\u010daji tenisa za odrasle 3. predstavitvami teni\u0161ke \u0161ole po osnovnih \u0161olah Dolenjske in [&hellip;]<\/p>\n","protected":false},"author":1,"featured_media":0,"comment_status":"closed","ping_status":"open","sticky":false,"template":"","format":"standard","meta":{"ngg_post_thumbnail":0,"footnotes":""},"categories":[4,28],"tags":[],"class_list":["post-1984","post","type-post","status-publish","format-standard","hentry","category-dog","category-napovednik"],"aioseo_notices":[],"_links":{"self":[{"href":"http:\/\/www.tenis-krka.org\/index.php?rest_route=\/wp\/v2\/posts\/1984","targetHints":{"allow":["GET"]}}],"collection":[{"href":"http:\/\/www.tenis-krka.org\/index.php?rest_route=\/wp\/v2\/posts"}],"about":[{"href":"http:\/\/www.tenis-krka.org\/index.php?rest_route=\/wp\/v2\/types\/post"}],"author":[{"embeddable":true,"href":"http:\/\/www.tenis-krka.org\/index.php?rest_route=\/wp\/v2\/users\/1"}],"replies":[{"embeddable":true,"href":"http:\/\/www.tenis-krka.org\/index.php?rest_route=%2Fwp%2Fv2%2Fcomments&post=1984"}],"version-history":[{"count":5,"href":"http:\/\/www.tenis-krka.org\/index.php?rest_route=\/wp\/v2\/posts\/1984\/revisions"}],"predecessor-version":[{"id":3654,"href":"http:\/\/www.tenis-krka.org\/index.php?rest_route=\/wp\/v2\/posts\/1984\/revisions\/3654"}],"wp:attachment":[{"href":"http:\/\/www.tenis-krka.org\/index.php?rest_route=%2Fwp%2Fv2%2Fmedia&parent=1984"}],"wp:term":[{"taxonomy":"category","embeddable":true,"href":"http:\/\/www.tenis-krka.org\/index.php?rest_route=%2Fwp%2Fv2%2Fcategories&post=1984"},{"taxonomy":"post_tag","embeddable":true,"href":"http:\/\/www.tenis-krka.org\/index.php?rest_route=%2Fwp%2Fv2%2Ftags&post=1984"}],"curies":[{"name":"wp","href":"https:\/\/api.w.org\/{rel}","templated":true}]}}