{"id":1955,"date":"2012-04-25T10:22:17","date_gmt":"2012-04-25T08:22:17","guid":{"rendered":"http:\/\/www.tenis-krka.org\/?p=1955"},"modified":"2019-05-27T15:16:34","modified_gmt":"2019-05-27T13:16:34","slug":"ziva-odlicno-tudi-med-dve-leti-starejsimi-21-4-2012","status":"publish","type":"post","link":"http:\/\/www.tenis-krka.org\/?p=1955","title":{"rendered":"\u017diva odli\u010dno tudi med dve leti starej\u0161imi (21.4.2012)"},"content":{"rendered":"<div id=\"attachment_1732\" style=\"width: 160px\" class=\"wp-caption alignleft\"><a href=\"http:\/\/www.tenis-krka.org\/wp-content\/uploads\/2012\/01\/ziva.jpg\"><img loading=\"lazy\" decoding=\"async\" aria-describedby=\"caption-attachment-1732\" class=\"size-thumbnail wp-image-1732\" src=\"http:\/\/www.tenis-krka.org\/wp-content\/uploads\/2012\/01\/ziva-150x150.jpg\" alt=\"\" width=\"150\" height=\"150\" \/><\/a><p id=\"caption-attachment-1732\" class=\"wp-caption-text\">\u017diva Falkner<\/p><\/div>\n<p>V Mariboru je potekal turnir TZS do 12 let, kjer se je izkazala na\u0161a 10 letna \u017diva Falkner.<\/p>\n<p><strong>\u017diva Falkner :<\/strong>1. kolo: Ule Zala (TALOS) 63 76(1) ;2 kolo:\u00a0 Trbe\u017enik Anja (MAXLJ) 60 63 : \u010detrtfinale: \u0160enica Lina (MAXLJ)\u00a0 64 36 36<\/p>\n<p>&nbsp;<\/p>\n<p><strong>Bravo \u017diva<\/strong><\/p>\n","protected":false},"excerpt":{"rendered":"<p>V Mariboru je potekal turnir TZS do 12 let, kjer se je izkazala na\u0161a 10 letna \u017diva Falkner. \u017diva Falkner :1. kolo: Ule Zala (TALOS) 63 76(1) ;2 kolo:\u00a0 Trbe\u017enik Anja (MAXLJ) 60 63 : \u010detrtfinale: \u0160enica Lina (MAXLJ)\u00a0 64 36 36 &nbsp; Bravo \u017diva<\/p>\n","protected":false},"author":1,"featured_media":0,"comment_status":"closed","ping_status":"open","sticky":false,"template":"","format":"standard","meta":{"ngg_post_thumbnail":0,"footnotes":""},"categories":[6],"tags":[],"class_list":["post-1955","post","type-post","status-publish","format-standard","hentry","category-rezult"],"aioseo_notices":[],"_links":{"self":[{"href":"http:\/\/www.tenis-krka.org\/index.php?rest_route=\/wp\/v2\/posts\/1955","targetHints":{"allow":["GET"]}}],"collection":[{"href":"http:\/\/www.tenis-krka.org\/index.php?rest_route=\/wp\/v2\/posts"}],"about":[{"href":"http:\/\/www.tenis-krka.org\/index.php?rest_route=\/wp\/v2\/types\/post"}],"author":[{"embeddable":true,"href":"http:\/\/www.tenis-krka.org\/index.php?rest_route=\/wp\/v2\/users\/1"}],"replies":[{"embeddable":true,"href":"http:\/\/www.tenis-krka.org\/index.php?rest_route=%2Fwp%2Fv2%2Fcomments&post=1955"}],"version-history":[{"count":4,"href":"http:\/\/www.tenis-krka.org\/index.php?rest_route=\/wp\/v2\/posts\/1955\/revisions"}],"predecessor-version":[{"id":3660,"href":"http:\/\/www.tenis-krka.org\/index.php?rest_route=\/wp\/v2\/posts\/1955\/revisions\/3660"}],"wp:attachment":[{"href":"http:\/\/www.tenis-krka.org\/index.php?rest_route=%2Fwp%2Fv2%2Fmedia&parent=1955"}],"wp:term":[{"taxonomy":"category","embeddable":true,"href":"http:\/\/www.tenis-krka.org\/index.php?rest_route=%2Fwp%2Fv2%2Fcategories&post=1955"},{"taxonomy":"post_tag","embeddable":true,"href":"http:\/\/www.tenis-krka.org\/index.php?rest_route=%2Fwp%2Fv2%2Ftags&post=1955"}],"curies":[{"name":"wp","href":"https:\/\/api.w.org\/{rel}","templated":true}]}}