{"id":1950,"date":"2012-04-20T10:29:22","date_gmt":"2012-04-20T08:29:22","guid":{"rendered":"http:\/\/www.tenis-krka.org\/?p=1950"},"modified":"2019-05-27T15:16:34","modified_gmt":"2019-05-27T13:16:34","slug":"aktiv-sportnih-pedagogov-dolenjske-na-otoccu-19-4-2012","status":"publish","type":"post","link":"http:\/\/www.tenis-krka.org\/?p=1950","title":{"rendered":"Aktiv \u0161portnih pedagogov Dolenjske na Oto\u010dcu (19.4.2012)"},"content":{"rendered":"<p><a href=\"http:\/\/www.tenis-krka.org\/wp-content\/uploads\/2012\/04\/pedagogi-O\u0160.jpg\"><img loading=\"lazy\" decoding=\"async\" class=\"alignleft size-thumbnail wp-image-1951\" src=\"http:\/\/www.tenis-krka.org\/wp-content\/uploads\/2012\/04\/pedagogi-O\u0160-150x150.jpg\" alt=\"\" width=\"150\" height=\"150\" \/><\/a>Aktiv \u0161portnih pedagogov Dolenjske na teni\u0161kem turnirju v teni\u0161kem klubu<br \/>\nKRKA OTO\u010cEC.<\/p>\n<p><a href=\"http:\/\/www.tenis-krka.org\/wp-content\/uploads\/2012\/04\/pedagogi-O\u01602.jpg\"><img loading=\"lazy\" decoding=\"async\" class=\"alignleft size-thumbnail wp-image-1952\" src=\"http:\/\/www.tenis-krka.org\/wp-content\/uploads\/2012\/04\/pedagogi-O\u01602-150x150.jpg\" alt=\"\" width=\"150\" height=\"150\" \/><\/a>Sodelovanje TK Krka Oto\u010dec in \u0161portnimi \u00a0pedagogi v osnovnih<br \/>\n\u0161olah je dobro in stalno. Tako smo v\u010deraj izpeljali sre\u010danje in teni\u0161ki<br \/>\nturnir z njimi na Oto\u010dcu. Sledi \u0161e bolj aktivno sodelovanje v \u0161olah s ciljem<br \/>\nvadbe tenisa v podalj\u0161anem bivanju in v na\u0161i teni\u0161ki \u0161oli na Oto\u010dcu.<\/p>\n<p>(dh)<\/p>\n","protected":false},"excerpt":{"rendered":"<p>Aktiv \u0161portnih pedagogov Dolenjske na teni\u0161kem turnirju v teni\u0161kem klubu KRKA OTO\u010cEC. Sodelovanje TK Krka Oto\u010dec in \u0161portnimi \u00a0pedagogi v osnovnih \u0161olah je dobro in stalno. Tako smo v\u010deraj izpeljali sre\u010danje in teni\u0161ki turnir z njimi na Oto\u010dcu. Sledi \u0161e bolj aktivno sodelovanje v \u0161olah s ciljem vadbe tenisa v podalj\u0161anem bivanju in v na\u0161i [&hellip;]<\/p>\n","protected":false},"author":1,"featured_media":0,"comment_status":"closed","ping_status":"open","sticky":false,"template":"","format":"standard","meta":{"ngg_post_thumbnail":0,"footnotes":""},"categories":[4],"tags":[],"class_list":["post-1950","post","type-post","status-publish","format-standard","hentry","category-dog"],"aioseo_notices":[],"_links":{"self":[{"href":"http:\/\/www.tenis-krka.org\/index.php?rest_route=\/wp\/v2\/posts\/1950","targetHints":{"allow":["GET"]}}],"collection":[{"href":"http:\/\/www.tenis-krka.org\/index.php?rest_route=\/wp\/v2\/posts"}],"about":[{"href":"http:\/\/www.tenis-krka.org\/index.php?rest_route=\/wp\/v2\/types\/post"}],"author":[{"embeddable":true,"href":"http:\/\/www.tenis-krka.org\/index.php?rest_route=\/wp\/v2\/users\/1"}],"replies":[{"embeddable":true,"href":"http:\/\/www.tenis-krka.org\/index.php?rest_route=%2Fwp%2Fv2%2Fcomments&post=1950"}],"version-history":[{"count":3,"href":"http:\/\/www.tenis-krka.org\/index.php?rest_route=\/wp\/v2\/posts\/1950\/revisions"}],"predecessor-version":[{"id":3661,"href":"http:\/\/www.tenis-krka.org\/index.php?rest_route=\/wp\/v2\/posts\/1950\/revisions\/3661"}],"wp:attachment":[{"href":"http:\/\/www.tenis-krka.org\/index.php?rest_route=%2Fwp%2Fv2%2Fmedia&parent=1950"}],"wp:term":[{"taxonomy":"category","embeddable":true,"href":"http:\/\/www.tenis-krka.org\/index.php?rest_route=%2Fwp%2Fv2%2Fcategories&post=1950"},{"taxonomy":"post_tag","embeddable":true,"href":"http:\/\/www.tenis-krka.org\/index.php?rest_route=%2Fwp%2Fv2%2Ftags&post=1950"}],"curies":[{"name":"wp","href":"https:\/\/api.w.org\/{rel}","templated":true}]}}