{"id":1922,"date":"2012-04-10T12:53:11","date_gmt":"2012-04-10T10:53:11","guid":{"rendered":"http:\/\/www.tenis-krka.org\/?p=1922"},"modified":"2019-05-27T15:16:34","modified_gmt":"2019-05-27T13:16:34","slug":"nasi-tekmovalci-na-mednarodnem-turnirju-vinkovci-7-4-2012","status":"publish","type":"post","link":"http:\/\/www.tenis-krka.org\/?p=1922","title":{"rendered":"Na\u0161i tekmovalci na mednarodnem turnirju &#8211; Vinkovci (7.4.2012)"},"content":{"rendered":"<p>V Vinkovcih na Hrva\u0161kem je potekal mednarodni turnir do 14 let, katerega so se udele\u017eili tudi na\u0161i tekmovalci. Vsi so morali v kvalifikacije.<\/p>\n<div id=\"attachment_1676\" style=\"width: 160px\" class=\"wp-caption alignleft\"><a href=\"http:\/\/www.tenis-krka.org\/wp-content\/uploads\/2012\/01\/DEKDG11-e1326107733173.jpg\"><img loading=\"lazy\" decoding=\"async\" aria-describedby=\"caption-attachment-1676\" class=\"size-thumbnail wp-image-1676\" src=\"http:\/\/www.tenis-krka.org\/wp-content\/uploads\/2012\/01\/DEKDG11-e1326107733173-150x150.jpg\" alt=\"\" width=\"150\" height=\"150\" \/><\/a><p id=\"caption-attachment-1676\" class=\"wp-caption-text\">Nika Zupan\u010di\u010d<\/p><\/div>\n<p><strong>Nika Zupan\u010di\u010d<\/strong> : prvo kolo zmaga proti\u00a0\u00a0<a href=\"http:\/\/te.tournamentsoftware.com\/sport\/matches.aspx?id=78C22D21-E583-461B-91C0-81C0AD49218C&amp;c=ITA\"><img loading=\"lazy\" decoding=\"async\" src=\"http:\/\/static.tournamentsoftware.com\/images\/flags\/ITA.gif\" alt=\"\" width=\"21\" height=\"14\" \/><\/a> Giulia Alessia MONTELEONE , drugo kolo zmaga proti\u00a0\u00a0\u00a0<a href=\"http:\/\/te.tournamentsoftware.com\/sport\/matches.aspx?id=78C22D21-E583-461B-91C0-81C0AD49218C&amp;c=BIH\"><img loading=\"lazy\" decoding=\"async\" src=\"http:\/\/static.tournamentsoftware.com\/images\/flags\/BIH.gif\" alt=\"\" width=\"21\" height=\"14\" \/><\/a> Andrea NIKIC , na zadnji stopni\u010dki za glavni turnir pa je bila od Nike bolj\u0161a\u00a0\u00a0<a href=\"http:\/\/te.tournamentsoftware.com\/sport\/matches.aspx?id=78C22D21-E583-461B-91C0-81C0AD49218C&amp;c=SRB\"><img loading=\"lazy\" decoding=\"async\" src=\"http:\/\/static.tournamentsoftware.com\/images\/flags\/SRB.gif\" alt=\"\" width=\"21\" height=\"14\" \/><\/a>\u00a0\u00a0 Anastasija COBANOVIC.<\/p>\n<div id=\"attachment_1675\" style=\"width: 160px\" class=\"wp-caption alignleft\"><a href=\"http:\/\/www.tenis-krka.org\/wp-content\/uploads\/2012\/01\/DEKDG1-e1326107556890.jpg\"><img loading=\"lazy\" decoding=\"async\" aria-describedby=\"caption-attachment-1675\" class=\"size-thumbnail wp-image-1675\" src=\"http:\/\/www.tenis-krka.org\/wp-content\/uploads\/2012\/01\/DEKDG1-e1326107556890-150x150.jpg\" alt=\"\" width=\"150\" height=\"150\" \/><\/a><p id=\"caption-attachment-1675\" class=\"wp-caption-text\">Evgenija Burger<\/p><\/div>\n<p><strong>Evgenija Burger:<\/strong> prvo kolo zmaga proti <a href=\"http:\/\/te.tournamentsoftware.com\/sport\/matches.aspx?id=78C22D21-E583-461B-91C0-81C0AD49218C&amp;c=MNE\"><img loading=\"lazy\" decoding=\"async\" src=\"http:\/\/static.tournamentsoftware.com\/images\/flags\/MGO.gif\" alt=\"\" width=\"21\" height=\"14\" \/><\/a> Sara SLJUKIC , v drugem kolu pa je bila pora\u017eena od <a href=\"http:\/\/te.tournamentsoftware.com\/sport\/matches.aspx?id=78C22D21-E583-461B-91C0-81C0AD49218C&amp;c=HUN\"><img loading=\"lazy\" decoding=\"async\" src=\"http:\/\/static.tournamentsoftware.com\/images\/flags\/HUN.gif\" alt=\"\" width=\"21\" height=\"14\" \/><\/a> Emese FARKAS.<\/p>\n<p><strong><a href=\"http:\/\/www.tenis-krka.org\/wp-content\/uploads\/2012\/04\/DEK2-e1334054716560.jpg\"><img loading=\"lazy\" decoding=\"async\" class=\"alignleft size-thumbnail wp-image-1923\" src=\"http:\/\/www.tenis-krka.org\/wp-content\/uploads\/2012\/04\/DEK2-e1334054772197-150x150.jpg\" alt=\"\" width=\"150\" height=\"150\" \/><\/a>Pia Fackovi\u010d -Vol\u010danjk:<\/strong> v prvem kolu je klonila proti <a href=\"http:\/\/te.tournamentsoftware.com\/sport\/matches.aspx?id=78C22D21-E583-461B-91C0-81C0AD49218C&amp;c=FRA\"><img loading=\"lazy\" decoding=\"async\" src=\"http:\/\/static.tournamentsoftware.com\/images\/flags\/FRA.gif\" alt=\"\" width=\"21\" height=\"14\" \/><\/a> Sandra BOZINOVIC .<\/p>\n<p><strong><a href=\"http:\/\/www.tenis-krka.org\/wp-content\/uploads\/2012\/04\/DSCF3978.jpg\"><img loading=\"lazy\" decoding=\"async\" class=\"alignleft size-thumbnail wp-image-1924\" src=\"http:\/\/www.tenis-krka.org\/wp-content\/uploads\/2012\/04\/DSCF3978-e1334055162881-150x150.jpg\" alt=\"\" width=\"150\" height=\"150\" \/><\/a><\/strong><\/p>\n<p>&nbsp;<\/p>\n<p><strong>Omar Smajlovi\u010d:<\/strong> prvo kolo prost, drugo kolo zmaga proti <a href=\"http:\/\/te.tournamentsoftware.com\/sport\/matches.aspx?id=78C22D21-E583-461B-91C0-81C0AD49218C&amp;c=BIH\"><img loading=\"lazy\" decoding=\"async\" src=\"http:\/\/static.tournamentsoftware.com\/images\/flags\/BIH.gif\" alt=\"\" width=\"21\" height=\"14\" \/><\/a> Mihailo SAMARDZIJA , v tretjem kolu je premagal <a href=\"http:\/\/te.tournamentsoftware.com\/sport\/matches.aspx?id=78C22D21-E583-461B-91C0-81C0AD49218C&amp;c=ITA\"><img loading=\"lazy\" decoding=\"async\" src=\"http:\/\/static.tournamentsoftware.com\/images\/flags\/ITA.gif\" alt=\"\" width=\"21\" height=\"14\" \/><\/a> Philip SCILIO, na zadji stopni\u010dki pa je naletel na bolj razpolo\u017eenega <a href=\"http:\/\/te.tournamentsoftware.com\/sport\/matches.aspx?id=78C22D21-E583-461B-91C0-81C0AD49218C&amp;c=ITA\"><img loading=\"lazy\" decoding=\"async\" src=\"http:\/\/static.tournamentsoftware.com\/images\/flags\/ITA.gif\" alt=\"\" width=\"21\" height=\"14\" \/><\/a> Emidio DE COLA<\/p>\n<p>&nbsp;<\/p>\n<p>&nbsp;<\/p>\n<p>&nbsp;<\/p>\n<p>&nbsp;<\/p>\n<p>&nbsp;<\/p>\n","protected":false},"excerpt":{"rendered":"<p>V Vinkovcih na Hrva\u0161kem je potekal mednarodni turnir do 14 let, katerega so se udele\u017eili tudi na\u0161i tekmovalci. Vsi so morali v kvalifikacije. Nika Zupan\u010di\u010d : prvo kolo zmaga proti\u00a0\u00a0 Giulia Alessia MONTELEONE , drugo kolo zmaga proti\u00a0\u00a0\u00a0 Andrea NIKIC , na zadnji stopni\u010dki za glavni turnir pa je bila od Nike bolj\u0161a\u00a0\u00a0\u00a0\u00a0 Anastasija COBANOVIC. [&hellip;]<\/p>\n","protected":false},"author":1,"featured_media":0,"comment_status":"closed","ping_status":"open","sticky":false,"template":"","format":"standard","meta":{"ngg_post_thumbnail":0,"footnotes":""},"categories":[6],"tags":[],"class_list":["post-1922","post","type-post","status-publish","format-standard","hentry","category-rezult"],"aioseo_notices":[],"_links":{"self":[{"href":"http:\/\/www.tenis-krka.org\/index.php?rest_route=\/wp\/v2\/posts\/1922","targetHints":{"allow":["GET"]}}],"collection":[{"href":"http:\/\/www.tenis-krka.org\/index.php?rest_route=\/wp\/v2\/posts"}],"about":[{"href":"http:\/\/www.tenis-krka.org\/index.php?rest_route=\/wp\/v2\/types\/post"}],"author":[{"embeddable":true,"href":"http:\/\/www.tenis-krka.org\/index.php?rest_route=\/wp\/v2\/users\/1"}],"replies":[{"embeddable":true,"href":"http:\/\/www.tenis-krka.org\/index.php?rest_route=%2Fwp%2Fv2%2Fcomments&post=1922"}],"version-history":[{"count":3,"href":"http:\/\/www.tenis-krka.org\/index.php?rest_route=\/wp\/v2\/posts\/1922\/revisions"}],"predecessor-version":[{"id":3666,"href":"http:\/\/www.tenis-krka.org\/index.php?rest_route=\/wp\/v2\/posts\/1922\/revisions\/3666"}],"wp:attachment":[{"href":"http:\/\/www.tenis-krka.org\/index.php?rest_route=%2Fwp%2Fv2%2Fmedia&parent=1922"}],"wp:term":[{"taxonomy":"category","embeddable":true,"href":"http:\/\/www.tenis-krka.org\/index.php?rest_route=%2Fwp%2Fv2%2Fcategories&post=1922"},{"taxonomy":"post_tag","embeddable":true,"href":"http:\/\/www.tenis-krka.org\/index.php?rest_route=%2Fwp%2Fv2%2Ftags&post=1922"}],"curies":[{"name":"wp","href":"https:\/\/api.w.org\/{rel}","templated":true}]}}