{"id":1903,"date":"2012-04-03T11:06:00","date_gmt":"2012-04-03T09:06:00","guid":{"rendered":"http:\/\/www.tenis-krka.org\/?p=1903"},"modified":"2019-05-27T15:16:34","modified_gmt":"2019-05-27T13:16:34","slug":"imeli-smo-osnovni-tecaj-psiholoske-priprave","status":"publish","type":"post","link":"http:\/\/www.tenis-krka.org\/?p=1903","title":{"rendered":"Imeli smo Osnovni te\u010daj psiholo\u0161ke priprave (31.3.2012)"},"content":{"rendered":"<div id=\"attachment_1907\" style=\"width: 160px\" class=\"wp-caption alignleft\"><a href=\"http:\/\/www.tenis-krka.org\/wp-content\/uploads\/2012\/04\/da-ne-bo-teh-situacij.jpg\"><img loading=\"lazy\" decoding=\"async\" aria-describedby=\"caption-attachment-1907\" class=\"size-thumbnail wp-image-1907\" src=\"http:\/\/www.tenis-krka.org\/wp-content\/uploads\/2012\/04\/da-ne-bo-teh-situacij-e1333444379242-150x150.jpg\" alt=\"Da ne bo teh situacij\" width=\"150\" height=\"150\" \/><\/a><p id=\"caption-attachment-1907\" class=\"wp-caption-text\">Da ne bo teh situacij<\/p><\/div>\n<p>V soboto dopoldan so tekmovalci TK Krka imeli Osnovni te\u010daj psiholo\u0161ke priprave za \u0161portnike. Udele\u017eilo se je devet tekmovalcev, kjer so se skozi vajo u\u010dili spro\u0161\u010dati, koncentrirati in pozitivno razmi\u0161ljati, kar so klju\u010dni dejavniki dobrega po\u010dutja, zabave in tudi dobrih rezultatov.<\/p>\n<p>Kasneje je potekalo tudi predavanje za star\u0161e, o njihovi vlogi pri treningih in tekmah. Udele\u017eilo se je devet star\u0161ev.<\/p>\n<p>Vse preve\u010dkrat pozabljamo, da kondicijska pripravljenost in tehnika, \u0161e zdale\u010d nista dovolj za rezultate katerih si vsi \u017eelimo.<\/p>\n<p><strong>Zahvaliti se moramo predavateljici Tja\u0161i Dimec in seveda organizatorici Loreni Lapanje.<\/strong><\/p>\n<p>(MH)<\/p>\n","protected":false},"excerpt":{"rendered":"<p>V soboto dopoldan so tekmovalci TK Krka imeli Osnovni te\u010daj psiholo\u0161ke priprave za \u0161portnike. Udele\u017eilo se je devet tekmovalcev, kjer so se skozi vajo u\u010dili spro\u0161\u010dati, koncentrirati in pozitivno razmi\u0161ljati, kar so klju\u010dni dejavniki dobrega po\u010dutja, zabave in tudi dobrih rezultatov. Kasneje je potekalo tudi predavanje za star\u0161e, o njihovi vlogi pri treningih in tekmah. [&hellip;]<\/p>\n","protected":false},"author":1,"featured_media":0,"comment_status":"closed","ping_status":"open","sticky":false,"template":"","format":"standard","meta":{"ngg_post_thumbnail":0,"footnotes":""},"categories":[4],"tags":[],"class_list":["post-1903","post","type-post","status-publish","format-standard","hentry","category-dog"],"aioseo_notices":[],"_links":{"self":[{"href":"http:\/\/www.tenis-krka.org\/index.php?rest_route=\/wp\/v2\/posts\/1903","targetHints":{"allow":["GET"]}}],"collection":[{"href":"http:\/\/www.tenis-krka.org\/index.php?rest_route=\/wp\/v2\/posts"}],"about":[{"href":"http:\/\/www.tenis-krka.org\/index.php?rest_route=\/wp\/v2\/types\/post"}],"author":[{"embeddable":true,"href":"http:\/\/www.tenis-krka.org\/index.php?rest_route=\/wp\/v2\/users\/1"}],"replies":[{"embeddable":true,"href":"http:\/\/www.tenis-krka.org\/index.php?rest_route=%2Fwp%2Fv2%2Fcomments&post=1903"}],"version-history":[{"count":6,"href":"http:\/\/www.tenis-krka.org\/index.php?rest_route=\/wp\/v2\/posts\/1903\/revisions"}],"predecessor-version":[{"id":3668,"href":"http:\/\/www.tenis-krka.org\/index.php?rest_route=\/wp\/v2\/posts\/1903\/revisions\/3668"}],"wp:attachment":[{"href":"http:\/\/www.tenis-krka.org\/index.php?rest_route=%2Fwp%2Fv2%2Fmedia&parent=1903"}],"wp:term":[{"taxonomy":"category","embeddable":true,"href":"http:\/\/www.tenis-krka.org\/index.php?rest_route=%2Fwp%2Fv2%2Fcategories&post=1903"},{"taxonomy":"post_tag","embeddable":true,"href":"http:\/\/www.tenis-krka.org\/index.php?rest_route=%2Fwp%2Fv2%2Ftags&post=1903"}],"curies":[{"name":"wp","href":"https:\/\/api.w.org\/{rel}","templated":true}]}}