{"id":1896,"date":"2012-03-26T11:19:14","date_gmt":"2012-03-26T09:19:14","guid":{"rendered":"http:\/\/www.tenis-krka.org\/?p=1896"},"modified":"2019-05-27T15:16:34","modified_gmt":"2019-05-27T13:16:34","slug":"nasi-tekmovalci-na-mini-tenisu-v-ljubljani-24-3-2012","status":"publish","type":"post","link":"http:\/\/www.tenis-krka.org\/?p=1896","title":{"rendered":"Na\u0161i tekmovalci na mini tenisu v Ljubljani (24.3.2012)"},"content":{"rendered":"<p>V Ljubljani je potekal turnir od 8 &#8211; 11 let. V kategoriji mini tenis je TK Krka imela pet predstavnikov. <strong>Eva Palka, Nejc Brada\u010d<\/strong> in <strong>Samo Martin\u010di\u010d<\/strong> so v svojih skupinah zasedli \u010detrto mesto. <strong>Jan Udovi\u010d<\/strong> je v skupini bil tretji. <strong>Jani Retel<\/strong>j pa je bil v skupini drugi in se tako uvrstil v glavni del turnirja, kjer je bil zaustavljen v boju za \u010detrtfinale.<\/p>\n<p>Za <strong>Evo, Nejca in Samota<\/strong> je bil to prvi nastop na turnirju kjer je konkurenca iz cele Slovenije. <strong>Jan in Jani<\/strong> sta se drugi\u010d spopadla v tak\u0161ni konkurenci.<\/p>\n<p>Vsi so se zelo borbeno in \u0161portno borili do zadnje to\u010dke in \u017ee delajo na\u010drte za naslednji turnir.\u00a0 <span style=\"color: #ff0000\"><strong>BRAVO EVA, SAMO, NEJC, JAN, JANI IN STAR\u0160EM ZA<\/strong> <strong>SPODBUDO.<a href=\"http:\/\/www.tenis-krka.org\/wp-content\/uploads\/2012\/03\/IMG_20120324_104345-e1332753458677.jpg\"><img loading=\"lazy\" decoding=\"async\" class=\"alignleft size-thumbnail wp-image-1900\" src=\"http:\/\/www.tenis-krka.org\/wp-content\/uploads\/2012\/03\/IMG_20120324_104345-e1332753458677-150x150.jpg\" alt=\"\" width=\"150\" height=\"150\" \/><\/a><a href=\"http:\/\/www.tenis-krka.org\/wp-content\/uploads\/2012\/03\/IMG_20120324_111411-e1332752324956.jpg\"><img loading=\"lazy\" decoding=\"async\" class=\"alignleft size-thumbnail wp-image-1895\" src=\"http:\/\/www.tenis-krka.org\/wp-content\/uploads\/2012\/03\/IMG_20120324_111411-e1332752324956-150x150.jpg\" alt=\"\" width=\"150\" height=\"150\" \/><\/a><a href=\"http:\/\/www.tenis-krka.org\/wp-content\/uploads\/2012\/03\/IMG_20120324_103532-e1332751945153.jpg\"><img loading=\"lazy\" decoding=\"async\" class=\"alignleft size-thumbnail wp-image-1893\" src=\"http:\/\/www.tenis-krka.org\/wp-content\/uploads\/2012\/03\/IMG_20120324_103532-e1332751945153-150x150.jpg\" alt=\"\" width=\"150\" height=\"150\" \/><\/a><a href=\"http:\/\/www.tenis-krka.org\/wp-content\/uploads\/2012\/03\/IMG_20120324_103719.jpg\"><img loading=\"lazy\" decoding=\"async\" class=\"alignleft size-thumbnail wp-image-1898\" src=\"http:\/\/www.tenis-krka.org\/wp-content\/uploads\/2012\/03\/IMG_20120324_103719-e1332753312958-150x150.jpg\" alt=\"\" width=\"150\" height=\"150\" \/><\/a><\/strong><\/span><\/p>\n","protected":false},"excerpt":{"rendered":"<p>V Ljubljani je potekal turnir od 8 &#8211; 11 let. V kategoriji mini tenis je TK Krka imela pet predstavnikov. Eva Palka, Nejc Brada\u010d in Samo Martin\u010di\u010d so v svojih skupinah zasedli \u010detrto mesto. Jan Udovi\u010d je v skupini bil tretji. Jani Retelj pa je bil v skupini drugi in se tako uvrstil v glavni [&hellip;]<\/p>\n","protected":false},"author":1,"featured_media":0,"comment_status":"closed","ping_status":"open","sticky":false,"template":"","format":"standard","meta":{"ngg_post_thumbnail":0,"footnotes":""},"categories":[6,7],"tags":[],"class_list":["post-1896","post","type-post","status-publish","format-standard","hentry","category-rezult","category-tsola"],"aioseo_notices":[],"_links":{"self":[{"href":"http:\/\/www.tenis-krka.org\/index.php?rest_route=\/wp\/v2\/posts\/1896","targetHints":{"allow":["GET"]}}],"collection":[{"href":"http:\/\/www.tenis-krka.org\/index.php?rest_route=\/wp\/v2\/posts"}],"about":[{"href":"http:\/\/www.tenis-krka.org\/index.php?rest_route=\/wp\/v2\/types\/post"}],"author":[{"embeddable":true,"href":"http:\/\/www.tenis-krka.org\/index.php?rest_route=\/wp\/v2\/users\/1"}],"replies":[{"embeddable":true,"href":"http:\/\/www.tenis-krka.org\/index.php?rest_route=%2Fwp%2Fv2%2Fcomments&post=1896"}],"version-history":[{"count":5,"href":"http:\/\/www.tenis-krka.org\/index.php?rest_route=\/wp\/v2\/posts\/1896\/revisions"}],"predecessor-version":[{"id":3669,"href":"http:\/\/www.tenis-krka.org\/index.php?rest_route=\/wp\/v2\/posts\/1896\/revisions\/3669"}],"wp:attachment":[{"href":"http:\/\/www.tenis-krka.org\/index.php?rest_route=%2Fwp%2Fv2%2Fmedia&parent=1896"}],"wp:term":[{"taxonomy":"category","embeddable":true,"href":"http:\/\/www.tenis-krka.org\/index.php?rest_route=%2Fwp%2Fv2%2Fcategories&post=1896"},{"taxonomy":"post_tag","embeddable":true,"href":"http:\/\/www.tenis-krka.org\/index.php?rest_route=%2Fwp%2Fv2%2Ftags&post=1896"}],"curies":[{"name":"wp","href":"https:\/\/api.w.org\/{rel}","templated":true}]}}