{"id":1857,"date":"2012-03-19T10:09:13","date_gmt":"2012-03-19T08:09:13","guid":{"rendered":"http:\/\/www.tenis-krka.org\/?p=1857"},"modified":"2019-05-27T15:16:34","modified_gmt":"2019-05-27T13:16:34","slug":"turnirji-tzs-do-12-in-18-let-17-3-2012","status":"publish","type":"post","link":"http:\/\/www.tenis-krka.org\/?p=1857","title":{"rendered":"Turnirji TZS do 12 in 18 let (17.3.2012)"},"content":{"rendered":"<div id=\"attachment_1861\" style=\"width: 160px\" class=\"wp-caption alignleft\"><a href=\"http:\/\/www.tenis-krka.org\/wp-content\/uploads\/2012\/03\/Sa\u0161a3.jpg\"><img loading=\"lazy\" decoding=\"async\" aria-describedby=\"caption-attachment-1861\" class=\"size-thumbnail wp-image-1861\" src=\"http:\/\/www.tenis-krka.org\/wp-content\/uploads\/2012\/03\/Sa\u0161a3-e1332145489928-150x150.jpg\" alt=\"Sa\u0161a Tepav\u010devi\u010d\" width=\"150\" height=\"150\" \/><\/a><p id=\"caption-attachment-1861\" class=\"wp-caption-text\">Sa\u0161a Tepav\u010devi\u010d<\/p><\/div>\n<p><strong>V Kranju so igrala dekleta v kategoriji do 18 let.<\/strong> Oto\u010danka <strong>Evgenija Burger<\/strong> je pri\u0161la do \u010detrtfinala, kje je klonila proti prvi nosilki Lari Vovk, 26, 67(5). Posebej v drugem setu ,\u00a0 je bila igra popolnoma izena\u010dena, kar potrjuje odli\u010dno formo na\u0161e Evgenije. <strong>Pia Fackovic<\/strong> je izgubila proti bolj izku\u0161eni Sir\u0161e, 16,16.<br \/>\n<strong>Na finalnem A turnirju do 12 let<\/strong> <strong>deklice<\/strong>\u00a0 je igrala <strong>Falkner \u017diva<\/strong>\u00a0 in izgubila 46,46 proti Kuhar, v tekmi v kateri smo bili pri\u010de vsega ker tenis v tej starosti lahko ponudi. <strong>Na najvi\u0161jem nivoju. Bravo za napredek!<\/strong><br \/>\n(Gordan)<\/p>\n<p><strong>Na finalnem B turnirju do 12 let<\/strong> <strong>deklice<\/strong> je <strong>Sa\u0161a Tepav\u010devi\u010d <\/strong>premagovala nasprotnice vse do polfinala, kjer je za vstop v finale izgubila proti Metki Komac.<strong><br \/>\n<\/strong><\/p>\n<p><strong>A turnir do 12 let de\u010dki:<\/strong> V Mariboru je TK Krka Oto\u010dec zastopal <strong>Matic Berus<\/strong> in v prvem kolu naletel na nosilca in priznal poraz proti Komac Rok 1:6, 2:6.<\/p>\n","protected":false},"excerpt":{"rendered":"<p>V Kranju so igrala dekleta v kategoriji do 18 let. Oto\u010danka Evgenija Burger je pri\u0161la do \u010detrtfinala, kje je klonila proti prvi nosilki Lari Vovk, 26, 67(5). Posebej v drugem setu ,\u00a0 je bila igra popolnoma izena\u010dena, kar potrjuje odli\u010dno formo na\u0161e Evgenije. Pia Fackovic je izgubila proti bolj izku\u0161eni Sir\u0161e, 16,16. Na finalnem A [&hellip;]<\/p>\n","protected":false},"author":1,"featured_media":0,"comment_status":"closed","ping_status":"open","sticky":false,"template":"","format":"standard","meta":{"ngg_post_thumbnail":0,"footnotes":""},"categories":[6],"tags":[],"class_list":["post-1857","post","type-post","status-publish","format-standard","hentry","category-rezult"],"aioseo_notices":[],"_links":{"self":[{"href":"http:\/\/www.tenis-krka.org\/index.php?rest_route=\/wp\/v2\/posts\/1857","targetHints":{"allow":["GET"]}}],"collection":[{"href":"http:\/\/www.tenis-krka.org\/index.php?rest_route=\/wp\/v2\/posts"}],"about":[{"href":"http:\/\/www.tenis-krka.org\/index.php?rest_route=\/wp\/v2\/types\/post"}],"author":[{"embeddable":true,"href":"http:\/\/www.tenis-krka.org\/index.php?rest_route=\/wp\/v2\/users\/1"}],"replies":[{"embeddable":true,"href":"http:\/\/www.tenis-krka.org\/index.php?rest_route=%2Fwp%2Fv2%2Fcomments&post=1857"}],"version-history":[{"count":5,"href":"http:\/\/www.tenis-krka.org\/index.php?rest_route=\/wp\/v2\/posts\/1857\/revisions"}],"predecessor-version":[{"id":3670,"href":"http:\/\/www.tenis-krka.org\/index.php?rest_route=\/wp\/v2\/posts\/1857\/revisions\/3670"}],"wp:attachment":[{"href":"http:\/\/www.tenis-krka.org\/index.php?rest_route=%2Fwp%2Fv2%2Fmedia&parent=1857"}],"wp:term":[{"taxonomy":"category","embeddable":true,"href":"http:\/\/www.tenis-krka.org\/index.php?rest_route=%2Fwp%2Fv2%2Fcategories&post=1857"},{"taxonomy":"post_tag","embeddable":true,"href":"http:\/\/www.tenis-krka.org\/index.php?rest_route=%2Fwp%2Fv2%2Ftags&post=1857"}],"curies":[{"name":"wp","href":"https:\/\/api.w.org\/{rel}","templated":true}]}}