{"id":1841,"date":"2012-03-12T13:43:21","date_gmt":"2012-03-12T11:43:21","guid":{"rendered":"http:\/\/www.tenis-krka.org\/?p=1841"},"modified":"2019-05-27T15:16:34","modified_gmt":"2019-05-27T13:16:34","slug":"jan-udovic-in-jani-retelj-na-prvem-turnirju-tzs-10-3-2012","status":"publish","type":"post","link":"http:\/\/www.tenis-krka.org\/?p=1841","title":{"rendered":"Jan Udovi\u010d in Jani Retelj na prvem turnirju TZS (10.3.2012)"},"content":{"rendered":"<div>Malo\u0161tevil\u010dna ekipa na svojem prvem mini teni\u0161kem turnirju pod okriljem TZS dosegla lep uspeh.<\/div>\n<div><strong>Jan Udovi\u010d<\/strong> je ob izjemni borbenosti\u00a0in te\u017ekem boju v skupinskem delu\u00a0zabele\u017eil zmago in dva poraza.<\/div>\n<div><strong>Jani Retelj<\/strong> pa je z dvema zmagama v skupinskem delu napredoval v dvoboje na izlo\u010danje, kjer\u00a0 je med 40. nastopajo\u010dimi, kot 2 leti mlaj\u0161i, na koncu dosegel odli\u010dno 5. do 8. mesto.<\/div>\n<div>V konkurenci igralcev iz vseh koncev Slovenije je to lepa spodbuda za na\u0161e mini teni\u0161ke igralce. Naslednji turnir bo \u0161e ta mesec, 24.3., kjer se bodo omenjeni dvojici pridru\u017eili tudi drugi na\u0161i nadebudni tenisa\u010di. (trener Dare Voglar)<\/p>\n<div id=\"attachment_1844\" style=\"width: 160px\" class=\"wp-caption alignleft\"><a href=\"http:\/\/www.tenis-krka.org\/wp-content\/uploads\/2012\/03\/Ob-teni\u0161kem-igri\u0161\u010du.jpg\"><img loading=\"lazy\" decoding=\"async\" aria-describedby=\"caption-attachment-1844\" class=\"size-thumbnail wp-image-1844\" src=\"http:\/\/www.tenis-krka.org\/wp-content\/uploads\/2012\/03\/Ob-teni\u0161kem-igri\u0161\u010du-e1331552537669-150x150.jpg\" alt=\"Ob teni\u0161kem igri\u0161\u010du\" width=\"150\" height=\"150\" \/><\/a><p id=\"caption-attachment-1844\" class=\"wp-caption-text\">Ob teni\u0161kem igri\u0161\u010du<\/p><\/div>\n<div id=\"attachment_1843\" style=\"width: 160px\" class=\"wp-caption alignleft\"><a href=\"http:\/\/www.tenis-krka.org\/wp-content\/uploads\/2012\/03\/Jani-Retelj-v-akciji.jpg\"><img loading=\"lazy\" decoding=\"async\" aria-describedby=\"caption-attachment-1843\" class=\"size-thumbnail wp-image-1843\" src=\"http:\/\/www.tenis-krka.org\/wp-content\/uploads\/2012\/03\/Jani-Retelj-v-akciji-e1331551731894-150x150.jpg\" alt=\"Jani Retelj v akciji\" width=\"150\" height=\"150\" \/><\/a><p id=\"caption-attachment-1843\" class=\"wp-caption-text\">Jani Retelj v akciji<\/p><\/div>\n<\/div>\n<div>\n<div id=\"attachment_1842\" style=\"width: 160px\" class=\"wp-caption alignleft\"><a href=\"http:\/\/www.tenis-krka.org\/wp-content\/uploads\/2012\/03\/Jan-Udovi\u010d.jpg\"><img loading=\"lazy\" decoding=\"async\" aria-describedby=\"caption-attachment-1842\" class=\"size-thumbnail wp-image-1842\" src=\"http:\/\/www.tenis-krka.org\/wp-content\/uploads\/2012\/03\/Jan-Udovi\u010d-e1331551213473-150x150.jpg\" alt=\"Jan Udovi\u010d\" width=\"150\" height=\"150\" \/><\/a><p id=\"caption-attachment-1842\" class=\"wp-caption-text\">Jan Udovi\u010d<\/p><\/div>\n<\/div>\n","protected":false},"excerpt":{"rendered":"<p>Malo\u0161tevil\u010dna ekipa na svojem prvem mini teni\u0161kem turnirju pod okriljem TZS dosegla lep uspeh. Jan Udovi\u010d je ob izjemni borbenosti\u00a0in te\u017ekem boju v skupinskem delu\u00a0zabele\u017eil zmago in dva poraza. Jani Retelj pa je z dvema zmagama v skupinskem delu napredoval v dvoboje na izlo\u010danje, kjer\u00a0 je med 40. nastopajo\u010dimi, kot 2 leti mlaj\u0161i, na koncu [&hellip;]<\/p>\n","protected":false},"author":1,"featured_media":0,"comment_status":"closed","ping_status":"open","sticky":false,"template":"","format":"standard","meta":{"ngg_post_thumbnail":0,"footnotes":""},"categories":[6],"tags":[],"class_list":["post-1841","post","type-post","status-publish","format-standard","hentry","category-rezult"],"aioseo_notices":[],"_links":{"self":[{"href":"http:\/\/www.tenis-krka.org\/index.php?rest_route=\/wp\/v2\/posts\/1841","targetHints":{"allow":["GET"]}}],"collection":[{"href":"http:\/\/www.tenis-krka.org\/index.php?rest_route=\/wp\/v2\/posts"}],"about":[{"href":"http:\/\/www.tenis-krka.org\/index.php?rest_route=\/wp\/v2\/types\/post"}],"author":[{"embeddable":true,"href":"http:\/\/www.tenis-krka.org\/index.php?rest_route=\/wp\/v2\/users\/1"}],"replies":[{"embeddable":true,"href":"http:\/\/www.tenis-krka.org\/index.php?rest_route=%2Fwp%2Fv2%2Fcomments&post=1841"}],"version-history":[{"count":1,"href":"http:\/\/www.tenis-krka.org\/index.php?rest_route=\/wp\/v2\/posts\/1841\/revisions"}],"predecessor-version":[{"id":1845,"href":"http:\/\/www.tenis-krka.org\/index.php?rest_route=\/wp\/v2\/posts\/1841\/revisions\/1845"}],"wp:attachment":[{"href":"http:\/\/www.tenis-krka.org\/index.php?rest_route=%2Fwp%2Fv2%2Fmedia&parent=1841"}],"wp:term":[{"taxonomy":"category","embeddable":true,"href":"http:\/\/www.tenis-krka.org\/index.php?rest_route=%2Fwp%2Fv2%2Fcategories&post=1841"},{"taxonomy":"post_tag","embeddable":true,"href":"http:\/\/www.tenis-krka.org\/index.php?rest_route=%2Fwp%2Fv2%2Ftags&post=1841"}],"curies":[{"name":"wp","href":"https:\/\/api.w.org\/{rel}","templated":true}]}}