{"id":1791,"date":"2012-02-13T12:31:08","date_gmt":"2012-02-13T10:31:08","guid":{"rendered":"http:\/\/www.tenis-krka.org\/?p=1791"},"modified":"2019-05-27T15:16:35","modified_gmt":"2019-05-27T13:16:35","slug":"drzavno-prvenstvo-za-clane-otocec-13-2-2012","status":"publish","type":"post","link":"http:\/\/www.tenis-krka.org\/?p=1791","title":{"rendered":"\u017diga in Marko na Dr\u017eavnem prvenstvu za \u010dlane -OTO\u010cEC (13.2.2012)"},"content":{"rendered":"<div id=\"attachment_1770\" style=\"width: 160px\" class=\"wp-caption alignleft\"><a href=\"http:\/\/www.tenis-krka.org\/wp-content\/uploads\/2012\/01\/pape\u017e-\u017eiga-e1327915940314.jpg\"><img loading=\"lazy\" decoding=\"async\" aria-describedby=\"caption-attachment-1770\" class=\"size-thumbnail wp-image-1770\" src=\"http:\/\/www.tenis-krka.org\/wp-content\/uploads\/2012\/01\/pape\u017e-\u017eiga-e1327915940314-150x150.jpg\" alt=\"\" width=\"150\" height=\"150\" \/><\/a><p id=\"caption-attachment-1770\" class=\"wp-caption-text\">\u017diga Pape\u017e TK KRKA Oto\u010dec<\/p><\/div>\n<p>Na Oto\u010dcu poteka dr\u017eavno prvenstvo za \u010dlanice in \u010dlane. V sredo sta nastopila <strong>\u017diga Pape\u017e<\/strong> in <strong>Marko Novak<\/strong>. Oba sta v igri posameznikov zaklju\u010dila v prvem kolu. <strong><\/strong><\/p>\n<p><strong>Marko Novak<\/strong> : Stopar Gregor (PROTEN)\u00a0 4:6 , 3:6<\/p>\n<p><strong>\u017diga Pape\u017e<\/strong> : Germi\u010d Ale\u0161 (\u017dTKMB)\u00a0\u00a0\u00a0\u00a0 6:7, 6:2, 3:6<\/p>\n<p>\u017diga je igral v dvojicah v paru z Lemi\u010d Nejc (TKKAM). V \u010detrtfinalu sta bila pora\u017eena proti Beli\u0161 Benjamin &#8211; Krajnc D. Urh 6:3, 5:7, 14:12.<\/p>\n<div id=\"attachment_1824\" style=\"width: 160px\" class=\"wp-caption alignleft\"><a href=\"http:\/\/www.tenis-krka.org\/wp-content\/uploads\/2012\/02\/Marko-Novak.jpg\"><img loading=\"lazy\" decoding=\"async\" aria-describedby=\"caption-attachment-1824\" class=\"size-thumbnail wp-image-1824\" src=\"http:\/\/www.tenis-krka.org\/wp-content\/uploads\/2012\/02\/Marko-Novak-e1330338289748-150x150.jpg\" alt=\"Marko Novak TK KRKA Oto\u010dec\" width=\"150\" height=\"150\" \/><\/a><p id=\"caption-attachment-1824\" class=\"wp-caption-text\">Marko Novak TK KRKA Oto\u010dec<\/p><\/div>\n<p><strong><br \/>\n<\/strong><\/p>\n","protected":false},"excerpt":{"rendered":"<p>Na Oto\u010dcu poteka dr\u017eavno prvenstvo za \u010dlanice in \u010dlane. V sredo sta nastopila \u017diga Pape\u017e in Marko Novak. Oba sta v igri posameznikov zaklju\u010dila v prvem kolu. Marko Novak : Stopar Gregor (PROTEN)\u00a0 4:6 , 3:6 \u017diga Pape\u017e : Germi\u010d Ale\u0161 (\u017dTKMB)\u00a0\u00a0\u00a0\u00a0 6:7, 6:2, 3:6 \u017diga je igral v dvojicah v paru z Lemi\u010d Nejc [&hellip;]<\/p>\n","protected":false},"author":1,"featured_media":0,"comment_status":"closed","ping_status":"open","sticky":false,"template":"","format":"standard","meta":{"ngg_post_thumbnail":0,"footnotes":""},"categories":[20,6,5],"tags":[],"class_list":["post-1791","post","type-post","status-publish","format-standard","hentry","category-turnirji","category-rezult","category-tekm"],"aioseo_notices":[],"_links":{"self":[{"href":"http:\/\/www.tenis-krka.org\/index.php?rest_route=\/wp\/v2\/posts\/1791","targetHints":{"allow":["GET"]}}],"collection":[{"href":"http:\/\/www.tenis-krka.org\/index.php?rest_route=\/wp\/v2\/posts"}],"about":[{"href":"http:\/\/www.tenis-krka.org\/index.php?rest_route=\/wp\/v2\/types\/post"}],"author":[{"embeddable":true,"href":"http:\/\/www.tenis-krka.org\/index.php?rest_route=\/wp\/v2\/users\/1"}],"replies":[{"embeddable":true,"href":"http:\/\/www.tenis-krka.org\/index.php?rest_route=%2Fwp%2Fv2%2Fcomments&post=1791"}],"version-history":[{"count":7,"href":"http:\/\/www.tenis-krka.org\/index.php?rest_route=\/wp\/v2\/posts\/1791\/revisions"}],"predecessor-version":[{"id":3676,"href":"http:\/\/www.tenis-krka.org\/index.php?rest_route=\/wp\/v2\/posts\/1791\/revisions\/3676"}],"wp:attachment":[{"href":"http:\/\/www.tenis-krka.org\/index.php?rest_route=%2Fwp%2Fv2%2Fmedia&parent=1791"}],"wp:term":[{"taxonomy":"category","embeddable":true,"href":"http:\/\/www.tenis-krka.org\/index.php?rest_route=%2Fwp%2Fv2%2Fcategories&post=1791"},{"taxonomy":"post_tag","embeddable":true,"href":"http:\/\/www.tenis-krka.org\/index.php?rest_route=%2Fwp%2Fv2%2Ftags&post=1791"}],"curies":[{"name":"wp","href":"https:\/\/api.w.org\/{rel}","templated":true}]}}