{"id":1777,"date":"2012-02-04T16:26:26","date_gmt":"2012-02-04T14:26:26","guid":{"rendered":"http:\/\/www.tenis-krka.org\/?p=1777"},"modified":"2019-05-27T15:16:35","modified_gmt":"2019-05-27T13:16:35","slug":"sandi-na-drzavnem-prvenstvu-za-veterane","status":"publish","type":"post","link":"http:\/\/www.tenis-krka.org\/?p=1777","title":{"rendered":"Sandi na DR\u017dAVNEM PRVENSTVU za veterane (5.2.2012)"},"content":{"rendered":"<p>V Ljubljani je potekalo Dr\u017eavno prvenstvo za veterane. V kategoriji 40+ je nastopal tudi Sandi Brada\u010d. Prvo kolo je bil kot nosilec prost, v drugem kolu pa ga je zaustavil Tone Komar z zelo tesnim izidom 2:6\u00a0 ;6:4\u00a0 ; 10:8.<\/p>\n<div id=\"attachment_1778\" style=\"width: 251px\" class=\"wp-caption alignleft\"><a href=\"http:\/\/www.tenis-krka.org\/wp-content\/uploads\/2012\/02\/Sandi.jpg\"><img loading=\"lazy\" decoding=\"async\" aria-describedby=\"caption-attachment-1778\" class=\"size-medium wp-image-1778\" src=\"http:\/\/www.tenis-krka.org\/wp-content\/uploads\/2012\/02\/Sandi-e1328365120862-241x300.jpg\" alt=\"\" width=\"241\" height=\"300\" srcset=\"http:\/\/www.tenis-krka.org\/wp-content\/uploads\/2012\/02\/Sandi-e1328365120862-241x300.jpg 241w, http:\/\/www.tenis-krka.org\/wp-content\/uploads\/2012\/02\/Sandi-e1328365120862.jpg 394w\" sizes=\"auto, (max-width: 241px) 100vw, 241px\" \/><\/a><p id=\"caption-attachment-1778\" class=\"wp-caption-text\">Sandi Brada\u010d<\/p><\/div>\n","protected":false},"excerpt":{"rendered":"<p>V Ljubljani je potekalo Dr\u017eavno prvenstvo za veterane. V kategoriji 40+ je nastopal tudi Sandi Brada\u010d. Prvo kolo je bil kot nosilec prost, v drugem kolu pa ga je zaustavil Tone Komar z zelo tesnim izidom 2:6\u00a0 ;6:4\u00a0 ; 10:8.<\/p>\n","protected":false},"author":1,"featured_media":0,"comment_status":"closed","ping_status":"open","sticky":false,"template":"","format":"standard","meta":{"ngg_post_thumbnail":0,"footnotes":""},"categories":[6],"tags":[],"class_list":["post-1777","post","type-post","status-publish","format-standard","hentry","category-rezult"],"aioseo_notices":[],"_links":{"self":[{"href":"http:\/\/www.tenis-krka.org\/index.php?rest_route=\/wp\/v2\/posts\/1777","targetHints":{"allow":["GET"]}}],"collection":[{"href":"http:\/\/www.tenis-krka.org\/index.php?rest_route=\/wp\/v2\/posts"}],"about":[{"href":"http:\/\/www.tenis-krka.org\/index.php?rest_route=\/wp\/v2\/types\/post"}],"author":[{"embeddable":true,"href":"http:\/\/www.tenis-krka.org\/index.php?rest_route=\/wp\/v2\/users\/1"}],"replies":[{"embeddable":true,"href":"http:\/\/www.tenis-krka.org\/index.php?rest_route=%2Fwp%2Fv2%2Fcomments&post=1777"}],"version-history":[{"count":5,"href":"http:\/\/www.tenis-krka.org\/index.php?rest_route=\/wp\/v2\/posts\/1777\/revisions"}],"predecessor-version":[{"id":3677,"href":"http:\/\/www.tenis-krka.org\/index.php?rest_route=\/wp\/v2\/posts\/1777\/revisions\/3677"}],"wp:attachment":[{"href":"http:\/\/www.tenis-krka.org\/index.php?rest_route=%2Fwp%2Fv2%2Fmedia&parent=1777"}],"wp:term":[{"taxonomy":"category","embeddable":true,"href":"http:\/\/www.tenis-krka.org\/index.php?rest_route=%2Fwp%2Fv2%2Fcategories&post=1777"},{"taxonomy":"post_tag","embeddable":true,"href":"http:\/\/www.tenis-krka.org\/index.php?rest_route=%2Fwp%2Fv2%2Ftags&post=1777"}],"curies":[{"name":"wp","href":"https:\/\/api.w.org\/{rel}","templated":true}]}}