{"id":1740,"date":"2012-01-17T17:28:53","date_gmt":"2012-01-17T15:28:53","guid":{"rendered":"http:\/\/www.tenis-krka.org\/?p=1740"},"modified":"2019-05-27T15:16:35","modified_gmt":"2019-05-27T13:16:35","slug":"bor-drzavni-prvak-v-dvojicah-17-1-2012","status":"publish","type":"post","link":"http:\/\/www.tenis-krka.org\/?p=1740","title":{"rendered":"BOR DR\u017dAVNI PRVAK V DVOJICAH  (17.1.2012)"},"content":{"rendered":"<p><span style=\"text-decoration: underline\"><strong>Bor Schweiger-Mu\u017ear je v paru z Grega Kokalj (AS-LITIJA) dr\u017eavni prvak med dvojicami do 16 let<\/strong><\/span><\/p>\n<div id=\"attachment_1741\" style=\"width: 172px\" class=\"wp-caption aligncenter\"><a href=\"http:\/\/www.tenis-krka.org\/wp-content\/uploads\/2012\/01\/Bor-in-kokalj-e1326813827196.jpg\"><img loading=\"lazy\" decoding=\"async\" aria-describedby=\"caption-attachment-1741\" class=\"size-full wp-image-1741\" src=\"http:\/\/www.tenis-krka.org\/wp-content\/uploads\/2012\/01\/Bor-in-kokalj-e1326813827196.jpg\" alt=\"\" width=\"162\" height=\"121\" \/><\/a><p id=\"caption-attachment-1741\" class=\"wp-caption-text\">Grega Kokalj,Bor Schweiger-Mu\u017ear,Ogorevc Nace, Nik Krape\u017e<\/p><\/div>\n<p style=\"text-align: center\"><span style=\"text-decoration: underline\"><strong>\u010cESTITAMO<\/strong><\/span><\/p>\n","protected":false},"excerpt":{"rendered":"<p>Bor Schweiger-Mu\u017ear je v paru z Grega Kokalj (AS-LITIJA) dr\u017eavni prvak med dvojicami do 16 let \u010cESTITAMO<\/p>\n","protected":false},"author":1,"featured_media":0,"comment_status":"closed","ping_status":"open","sticky":false,"template":"","format":"standard","meta":{"ngg_post_thumbnail":0,"footnotes":""},"categories":[6],"tags":[],"class_list":["post-1740","post","type-post","status-publish","format-standard","hentry","category-rezult"],"aioseo_notices":[],"_links":{"self":[{"href":"http:\/\/www.tenis-krka.org\/index.php?rest_route=\/wp\/v2\/posts\/1740","targetHints":{"allow":["GET"]}}],"collection":[{"href":"http:\/\/www.tenis-krka.org\/index.php?rest_route=\/wp\/v2\/posts"}],"about":[{"href":"http:\/\/www.tenis-krka.org\/index.php?rest_route=\/wp\/v2\/types\/post"}],"author":[{"embeddable":true,"href":"http:\/\/www.tenis-krka.org\/index.php?rest_route=\/wp\/v2\/users\/1"}],"replies":[{"embeddable":true,"href":"http:\/\/www.tenis-krka.org\/index.php?rest_route=%2Fwp%2Fv2%2Fcomments&post=1740"}],"version-history":[{"count":6,"href":"http:\/\/www.tenis-krka.org\/index.php?rest_route=\/wp\/v2\/posts\/1740\/revisions"}],"predecessor-version":[{"id":3682,"href":"http:\/\/www.tenis-krka.org\/index.php?rest_route=\/wp\/v2\/posts\/1740\/revisions\/3682"}],"wp:attachment":[{"href":"http:\/\/www.tenis-krka.org\/index.php?rest_route=%2Fwp%2Fv2%2Fmedia&parent=1740"}],"wp:term":[{"taxonomy":"category","embeddable":true,"href":"http:\/\/www.tenis-krka.org\/index.php?rest_route=%2Fwp%2Fv2%2Fcategories&post=1740"},{"taxonomy":"post_tag","embeddable":true,"href":"http:\/\/www.tenis-krka.org\/index.php?rest_route=%2Fwp%2Fv2%2Ftags&post=1740"}],"curies":[{"name":"wp","href":"https:\/\/api.w.org\/{rel}","templated":true}]}}