{"id":1674,"date":"2012-01-09T19:19:59","date_gmt":"2012-01-09T17:19:59","guid":{"rendered":"http:\/\/www.tenis-krka.org\/?p=1674"},"modified":"2019-05-27T15:16:35","modified_gmt":"2019-05-27T13:16:35","slug":"evgenija-in-nika-v-cetrtfinalu-dp-9-1-2012","status":"publish","type":"post","link":"http:\/\/www.tenis-krka.org\/?p=1674","title":{"rendered":"SIJAJNI &#8211; EVGENIJA IN NIKA"},"content":{"rendered":"<p><strong>Evgenija in Nika\u00a0 zelo uspe\u0161ni na dr\u017eavnem prvenstvu do 14 let, ki je potekalo na Oto\u010dcu v organizaciji TK KRKA (zahvale Ho\u010devar Du\u0161anu) in pod okriljem Teni\u0161ke zveze Slovenije.<br \/>\n<\/strong><\/p>\n<div id=\"attachment_1675\" style=\"width: 160px\" class=\"wp-caption alignleft\"><a href=\"http:\/\/www.tenis-krka.org\/wp-content\/uploads\/2012\/01\/DEKDG1-e1326107556890.jpg\"><img loading=\"lazy\" decoding=\"async\" aria-describedby=\"caption-attachment-1675\" class=\"size-thumbnail wp-image-1675\" src=\"http:\/\/www.tenis-krka.org\/wp-content\/uploads\/2012\/01\/DEKDG1-e1326107556890-150x150.jpg\" alt=\"\" width=\"150\" height=\"150\" \/><\/a><p id=\"caption-attachment-1675\" class=\"wp-caption-text\">Evgenija Burger<\/p><\/div>\n<p>&nbsp;<\/p>\n<p><strong>Evgenija Burger<\/strong> &#8211; <strong>2. mesto med posameznicami<\/strong><\/p>\n<p><strong>\u00a0\u00a0\u00a0\u00a0\u00a0\u00a0\u00a0\u00a0\u00a0\u00a0\u00a0\u00a0\u00a0\u00a0\u00a0\u00a0\u00a0\u00a0\u00a0\u00a0\u00a0\u00a0\u00a0\u00a0\u00a0\u00a0\u00a0\u00a0\u00a0\u00a0\u00a0\u00a0\u00a0\u00a0 polfinale dvojic v paru z\u00a0 Lapajne \u017dano<\/strong><\/p>\n<div id=\"attachment_1676\" style=\"width: 160px\" class=\"wp-caption alignleft\"><a href=\"http:\/\/www.tenis-krka.org\/wp-content\/uploads\/2012\/01\/DEKDG11-e1326107733173.jpg\"><img loading=\"lazy\" decoding=\"async\" aria-describedby=\"caption-attachment-1676\" class=\"size-thumbnail wp-image-1676\" src=\"http:\/\/www.tenis-krka.org\/wp-content\/uploads\/2012\/01\/DEKDG11-e1326107733173-150x150.jpg\" alt=\"\" width=\"150\" height=\"150\" \/><\/a><p id=\"caption-attachment-1676\" class=\"wp-caption-text\">Nika Zupan\u010di\u010d<\/p><\/div>\n<p>&nbsp;<\/p>\n<p>&nbsp;<\/p>\n<p><strong>Nika Zupan\u010di\u010d &#8211;<\/strong> <strong>2. mesto v dvojicah v paru z Pero\u0161a Silvijo<\/strong><\/p>\n<p><strong>polfinale med posameznicami<\/strong><\/p>\n<p>&nbsp;<\/p>\n<p>&nbsp;<\/p>\n<p>&nbsp;<\/p>\n<p><strong>\u010cESTITAMO<\/strong><\/p>\n<p>&nbsp;<\/p>\n","protected":false},"excerpt":{"rendered":"<p>Evgenija in Nika\u00a0 zelo uspe\u0161ni na dr\u017eavnem prvenstvu do 14 let, ki je potekalo na Oto\u010dcu v organizaciji TK KRKA (zahvale Ho\u010devar Du\u0161anu) in pod okriljem Teni\u0161ke zveze Slovenije. &nbsp; Evgenija Burger &#8211; 2. mesto med posameznicami \u00a0\u00a0\u00a0\u00a0\u00a0\u00a0\u00a0\u00a0\u00a0\u00a0\u00a0\u00a0\u00a0\u00a0\u00a0\u00a0\u00a0\u00a0\u00a0\u00a0\u00a0\u00a0\u00a0\u00a0\u00a0\u00a0\u00a0\u00a0\u00a0\u00a0\u00a0\u00a0\u00a0\u00a0 polfinale dvojic v paru z\u00a0 Lapajne \u017dano &nbsp; &nbsp; Nika Zupan\u010di\u010d &#8211; 2. mesto v dvojicah v [&hellip;]<\/p>\n","protected":false},"author":1,"featured_media":0,"comment_status":"closed","ping_status":"open","sticky":false,"template":"","format":"standard","meta":{"ngg_post_thumbnail":0,"footnotes":""},"categories":[6,5],"tags":[],"class_list":["post-1674","post","type-post","status-publish","format-standard","hentry","category-rezult","category-tekm"],"aioseo_notices":[],"_links":{"self":[{"href":"http:\/\/www.tenis-krka.org\/index.php?rest_route=\/wp\/v2\/posts\/1674","targetHints":{"allow":["GET"]}}],"collection":[{"href":"http:\/\/www.tenis-krka.org\/index.php?rest_route=\/wp\/v2\/posts"}],"about":[{"href":"http:\/\/www.tenis-krka.org\/index.php?rest_route=\/wp\/v2\/types\/post"}],"author":[{"embeddable":true,"href":"http:\/\/www.tenis-krka.org\/index.php?rest_route=\/wp\/v2\/users\/1"}],"replies":[{"embeddable":true,"href":"http:\/\/www.tenis-krka.org\/index.php?rest_route=%2Fwp%2Fv2%2Fcomments&post=1674"}],"version-history":[{"count":10,"href":"http:\/\/www.tenis-krka.org\/index.php?rest_route=\/wp\/v2\/posts\/1674\/revisions"}],"predecessor-version":[{"id":3687,"href":"http:\/\/www.tenis-krka.org\/index.php?rest_route=\/wp\/v2\/posts\/1674\/revisions\/3687"}],"wp:attachment":[{"href":"http:\/\/www.tenis-krka.org\/index.php?rest_route=%2Fwp%2Fv2%2Fmedia&parent=1674"}],"wp:term":[{"taxonomy":"category","embeddable":true,"href":"http:\/\/www.tenis-krka.org\/index.php?rest_route=%2Fwp%2Fv2%2Fcategories&post=1674"},{"taxonomy":"post_tag","embeddable":true,"href":"http:\/\/www.tenis-krka.org\/index.php?rest_route=%2Fwp%2Fv2%2Ftags&post=1674"}],"curies":[{"name":"wp","href":"https:\/\/api.w.org\/{rel}","templated":true}]}}