{"id":1430,"date":"2011-06-05T13:29:19","date_gmt":"2011-06-05T11:29:19","guid":{"rendered":"http:\/\/www.tenis-krka.org\/?p=1430"},"modified":"2019-05-27T15:16:36","modified_gmt":"2019-05-27T13:16:36","slug":"slovenski-mini-teniski-turnir-v-organizaciji-mercatorja-in-babolata-mercator-center-novo-mesto4-6-2011","status":"publish","type":"post","link":"http:\/\/www.tenis-krka.org\/?p=1430","title":{"rendered":"Slovenski mini teni\u0161ki turnir v organizaciji Mercatorja in Babolata (Mercator center Novo Mesto\/4.6.2011)"},"content":{"rendered":"<p>V soboto 4.6.2011 je v organizaciji Mercatorja in Babolata\u00a0 pred Mercator centrom Novo Mesto potekal\u00a0 Slovenski mini teni\u0161ki turnir, katerega so se udele\u017eili tudi pet na\u0161ih nadebudnih tenisa\u010dev. Andra\u017e Re\u0161eti\u010d, Jani Retelj, Jan Udovi\u010d, Kristijan Kos in Patrik Oberstar. Na\u0161i predstavniki so pokazali izredno borbenost in \u017eeljo proti starej\u0161im predstavnikom drugih klubov iz cele Slovenije. Lep uspeh je dosegel Andra\u017e Udovi\u010d z uvrstitvijo v \u010detrtfinale.<\/p>\n<p>\u010cestitamo!<\/p>\nngg_shortcode_0_placeholder\n","protected":false},"excerpt":{"rendered":"<p>V soboto 4.6.2011 je v organizaciji Mercatorja in Babolata\u00a0 pred Mercator centrom Novo Mesto potekal\u00a0 Slovenski mini teni\u0161ki turnir, katerega so se udele\u017eili tudi pet na\u0161ih nadebudnih tenisa\u010dev. Andra\u017e Re\u0161eti\u010d, Jani Retelj, Jan Udovi\u010d, Kristijan Kos in Patrik Oberstar. Na\u0161i predstavniki so pokazali izredno borbenost in \u017eeljo proti starej\u0161im predstavnikom drugih klubov iz cele Slovenije. [&hellip;]<\/p>\n","protected":false},"author":1,"featured_media":0,"comment_status":"closed","ping_status":"open","sticky":false,"template":"","format":"standard","meta":{"ngg_post_thumbnail":0,"footnotes":""},"categories":[4,6,5,7],"tags":[],"class_list":["post-1430","post","type-post","status-publish","format-standard","hentry","category-dog","category-rezult","category-tekm","category-tsola"],"aioseo_notices":[],"_links":{"self":[{"href":"http:\/\/www.tenis-krka.org\/index.php?rest_route=\/wp\/v2\/posts\/1430","targetHints":{"allow":["GET"]}}],"collection":[{"href":"http:\/\/www.tenis-krka.org\/index.php?rest_route=\/wp\/v2\/posts"}],"about":[{"href":"http:\/\/www.tenis-krka.org\/index.php?rest_route=\/wp\/v2\/types\/post"}],"author":[{"embeddable":true,"href":"http:\/\/www.tenis-krka.org\/index.php?rest_route=\/wp\/v2\/users\/1"}],"replies":[{"embeddable":true,"href":"http:\/\/www.tenis-krka.org\/index.php?rest_route=%2Fwp%2Fv2%2Fcomments&post=1430"}],"version-history":[{"count":4,"href":"http:\/\/www.tenis-krka.org\/index.php?rest_route=\/wp\/v2\/posts\/1430\/revisions"}],"predecessor-version":[{"id":3700,"href":"http:\/\/www.tenis-krka.org\/index.php?rest_route=\/wp\/v2\/posts\/1430\/revisions\/3700"}],"wp:attachment":[{"href":"http:\/\/www.tenis-krka.org\/index.php?rest_route=%2Fwp%2Fv2%2Fmedia&parent=1430"}],"wp:term":[{"taxonomy":"category","embeddable":true,"href":"http:\/\/www.tenis-krka.org\/index.php?rest_route=%2Fwp%2Fv2%2Fcategories&post=1430"},{"taxonomy":"post_tag","embeddable":true,"href":"http:\/\/www.tenis-krka.org\/index.php?rest_route=%2Fwp%2Fv2%2Ftags&post=1430"}],"curies":[{"name":"wp","href":"https:\/\/api.w.org\/{rel}","templated":true}]}}