{"id":121,"date":"2008-08-31T21:36:49","date_gmt":"2008-08-31T19:36:49","guid":{"rendered":"http:\/\/www.tenis-krka.org\/?p=121"},"modified":"2019-05-27T15:16:55","modified_gmt":"2019-05-27T13:16:55","slug":"dasa-orlic-v-finalu-itf-prosigma-open","status":"publish","type":"post","link":"http:\/\/www.tenis-krka.org\/?p=121","title":{"rendered":"Da\u0161a Orli\u010d v finalu ITF Prosigma Open"},"content":{"rendered":"<p><span lang=\"SL\">Konec avgusta (25. do 31. avgust) se je na teni\u0161kih igri\u0161\u010dih Male\u010dnik poleg Maribora odvijal mednarodni ITF turnir Prosigma Open za dekleta do 18 let. Tenisa\u010dica TK Krka Oto\u010dec je igrala zelo dobro, saj se je iz kvalifikacij \u00bbprebila\u00ab vse do finala, kjer je morala priznati premo\u010d tenisa\u010dici iz Srbije Doroteji Eric (6:3, 6:1).<\/span><\/p>\n<p><span lang=\"SL\"><a href=\"http:\/\/www.tenis-krka.org\/wp-content\/uploads\/2009\/05\/dasa1.jpg\"><img loading=\"lazy\" decoding=\"async\" class=\"alignleft size-medium wp-image-122\" title=\"dasa1\" src=\"http:\/\/www.tenis-krka.org\/wp-content\/uploads\/2009\/05\/dasa1-300x225.jpg\" alt=\"dasa1\" width=\"240\" height=\"180\" srcset=\"http:\/\/www.tenis-krka.org\/wp-content\/uploads\/2009\/05\/dasa1-300x225.jpg 300w, http:\/\/www.tenis-krka.org\/wp-content\/uploads\/2009\/05\/dasa1.jpg 1024w\" sizes=\"auto, (max-width: 240px) 100vw, 240px\" \/><\/a><a href=\"http:\/\/www.tenis-krka.org\/wp-content\/uploads\/2009\/05\/dasa2.jpg\"><img loading=\"lazy\" decoding=\"async\" class=\"alignleft size-medium wp-image-123\" title=\"dasa2\" src=\"http:\/\/www.tenis-krka.org\/wp-content\/uploads\/2009\/05\/dasa2-300x225.jpg\" alt=\"dasa2\" width=\"240\" height=\"180\" srcset=\"http:\/\/www.tenis-krka.org\/wp-content\/uploads\/2009\/05\/dasa2-300x225.jpg 300w, http:\/\/www.tenis-krka.org\/wp-content\/uploads\/2009\/05\/dasa2.jpg 1024w\" sizes=\"auto, (max-width: 240px) 100vw, 240px\" \/><\/a><\/span><\/p>\n<p><span lang=\"SL\"><br \/>\n<\/span><\/p>\n","protected":false},"excerpt":{"rendered":"<p>Konec avgusta (25. do 31. avgust) se je na teni\u0161kih igri\u0161\u010dih Male\u010dnik poleg Maribora odvijal mednarodni ITF turnir Prosigma Open za dekleta do 18 let. Tenisa\u010dica TK Krka Oto\u010dec je igrala zelo dobro, saj se je iz kvalifikacij \u00bbprebila\u00ab vse do finala, kjer je morala priznati premo\u010d tenisa\u010dici iz Srbije Doroteji Eric (6:3, 6:1).<\/p>\n","protected":false},"author":1,"featured_media":0,"comment_status":"closed","ping_status":"closed","sticky":false,"template":"","format":"standard","meta":{"ngg_post_thumbnail":0,"footnotes":""},"categories":[20,6],"tags":[23,24],"class_list":["post-121","post","type-post","status-publish","format-standard","hentry","category-turnirji","category-rezult","tag-dasa-orlic","tag-itf-prosigma-open"],"aioseo_notices":[],"_links":{"self":[{"href":"http:\/\/www.tenis-krka.org\/index.php?rest_route=\/wp\/v2\/posts\/121","targetHints":{"allow":["GET"]}}],"collection":[{"href":"http:\/\/www.tenis-krka.org\/index.php?rest_route=\/wp\/v2\/posts"}],"about":[{"href":"http:\/\/www.tenis-krka.org\/index.php?rest_route=\/wp\/v2\/types\/post"}],"author":[{"embeddable":true,"href":"http:\/\/www.tenis-krka.org\/index.php?rest_route=\/wp\/v2\/users\/1"}],"replies":[{"embeddable":true,"href":"http:\/\/www.tenis-krka.org\/index.php?rest_route=%2Fwp%2Fv2%2Fcomments&post=121"}],"version-history":[{"count":5,"href":"http:\/\/www.tenis-krka.org\/index.php?rest_route=\/wp\/v2\/posts\/121\/revisions"}],"predecessor-version":[{"id":1059,"href":"http:\/\/www.tenis-krka.org\/index.php?rest_route=\/wp\/v2\/posts\/121\/revisions\/1059"}],"wp:attachment":[{"href":"http:\/\/www.tenis-krka.org\/index.php?rest_route=%2Fwp%2Fv2%2Fmedia&parent=121"}],"wp:term":[{"taxonomy":"category","embeddable":true,"href":"http:\/\/www.tenis-krka.org\/index.php?rest_route=%2Fwp%2Fv2%2Fcategories&post=121"},{"taxonomy":"post_tag","embeddable":true,"href":"http:\/\/www.tenis-krka.org\/index.php?rest_route=%2Fwp%2Fv2%2Ftags&post=121"}],"curies":[{"name":"wp","href":"https:\/\/api.w.org\/{rel}","templated":true}]}}