{"id":1156,"date":"2010-11-14T21:06:25","date_gmt":"2010-11-14T19:06:25","guid":{"rendered":"http:\/\/www.tenis-krka.org\/?p=1156"},"modified":"2019-05-27T15:16:53","modified_gmt":"2019-05-27T13:16:53","slug":"predstavitev-vadb-otrok-tk-krka-otocec-v-zimskem-obdobju-2010-11","status":"publish","type":"post","link":"http:\/\/www.tenis-krka.org\/?p=1156","title":{"rendered":"Predstavitev vadb otrok TK KRKA Oto\u010dec v zimskem obdobju 2010\/11"},"content":{"rendered":"<p style=\"text-align: left;\">Spo\u0161tovani star\u0161i otrok v teni\u0161kem vrtcu, teni\u0161ki \u0161oli, predtekmovalcev in tekmovalcev Teni\u0161kega kluba Krka Oto\u010dec!<\/p>\n<p><strong>V sredo,\u00a0 24. Novembra 2010 ob 18.00 smo se zbrali na sestaneku in predstavitvi vadb va\u0161ih otrok v TK KRKA Oto\u010dec\u00a0 v zimskem obdobju 2010 \/11.<\/strong><\/p>\n<p>Predstavljeno gradivo PREDSTAVITEV PROGRAMOV in nekaj slikovnih utrinkov si oglejte v nadaljevanju: <a href=\"http:\/\/www.tenis-krka.org\/wp-content\/uploads\/2010\/11\/PREDSTAVITEV.ppt\">PREDSTAVITEV<\/a><\/p>\n<p style=\"text-align: center;\"><a href=\"..\/wp-content\/uploads\/2010\/11\/Sestanek-s-star%C5%A1i-0011.jpg\"><img loading=\"lazy\" decoding=\"async\" title=\"Sestanek s star\u0161i 001\" src=\"..\/wp-content\/uploads\/2010\/11\/Sestanek-s-star%C5%A1i-0011-150x150.jpg\" alt=\"\" width=\"150\" height=\"150\" \/> <\/a><a href=\"..\/wp-content\/uploads\/2010\/11\/Sestanek-s-star%C5%A1i-0101.jpg\"><img loading=\"lazy\" decoding=\"async\" title=\"Sestanek s star\u0161i 010\" src=\"..\/wp-content\/uploads\/2010\/11\/Sestanek-s-star%C5%A1i-0101-150x150.jpg\" alt=\"\" width=\"150\" height=\"150\" \/> <\/a><a href=\"..\/wp-content\/uploads\/2010\/11\/Sestanek-s-star%C5%A1i-0031.jpg\"><img loading=\"lazy\" decoding=\"async\" title=\"Sestanek s star\u0161i 003\" src=\"..\/wp-content\/uploads\/2010\/11\/Sestanek-s-star%C5%A1i-0031-150x150.jpg\" alt=\"\" width=\"150\" height=\"150\" \/><\/a><\/p>\n<p style=\"text-align: center;\">\n<p style=\"text-align: center;\">\n","protected":false},"excerpt":{"rendered":"<p>Spo\u0161tovani star\u0161i otrok v teni\u0161kem vrtcu, teni\u0161ki \u0161oli, predtekmovalcev in tekmovalcev Teni\u0161kega kluba Krka Oto\u010dec! V sredo,\u00a0 24. Novembra 2010 ob 18.00 smo se zbrali na sestaneku in predstavitvi vadb va\u0161ih otrok v TK KRKA Oto\u010dec\u00a0 v zimskem obdobju 2010 \/11. Predstavljeno gradivo PREDSTAVITEV PROGRAMOV in nekaj slikovnih utrinkov si oglejte v nadaljevanju: PREDSTAVITEV<\/p>\n","protected":false},"author":1,"featured_media":0,"comment_status":"closed","ping_status":"open","sticky":false,"template":"","format":"standard","meta":{"ngg_post_thumbnail":0,"footnotes":""},"categories":[4,28,20,7],"tags":[],"class_list":["post-1156","post","type-post","status-publish","format-standard","hentry","category-dog","category-napovednik","category-turnirji","category-tsola"],"aioseo_notices":[],"_links":{"self":[{"href":"http:\/\/www.tenis-krka.org\/index.php?rest_route=\/wp\/v2\/posts\/1156","targetHints":{"allow":["GET"]}}],"collection":[{"href":"http:\/\/www.tenis-krka.org\/index.php?rest_route=\/wp\/v2\/posts"}],"about":[{"href":"http:\/\/www.tenis-krka.org\/index.php?rest_route=\/wp\/v2\/types\/post"}],"author":[{"embeddable":true,"href":"http:\/\/www.tenis-krka.org\/index.php?rest_route=\/wp\/v2\/users\/1"}],"replies":[{"embeddable":true,"href":"http:\/\/www.tenis-krka.org\/index.php?rest_route=%2Fwp%2Fv2%2Fcomments&post=1156"}],"version-history":[{"count":9,"href":"http:\/\/www.tenis-krka.org\/index.php?rest_route=\/wp\/v2\/posts\/1156\/revisions"}],"predecessor-version":[{"id":1161,"href":"http:\/\/www.tenis-krka.org\/index.php?rest_route=\/wp\/v2\/posts\/1156\/revisions\/1161"}],"wp:attachment":[{"href":"http:\/\/www.tenis-krka.org\/index.php?rest_route=%2Fwp%2Fv2%2Fmedia&parent=1156"}],"wp:term":[{"taxonomy":"category","embeddable":true,"href":"http:\/\/www.tenis-krka.org\/index.php?rest_route=%2Fwp%2Fv2%2Fcategories&post=1156"},{"taxonomy":"post_tag","embeddable":true,"href":"http:\/\/www.tenis-krka.org\/index.php?rest_route=%2Fwp%2Fv2%2Ftags&post=1156"}],"curies":[{"name":"wp","href":"https:\/\/api.w.org\/{rel}","templated":true}]}}