{"id":1116,"date":"2010-10-02T08:07:45","date_gmt":"2010-10-02T06:07:45","guid":{"rendered":"http:\/\/www.tenis-krka.org\/?p=1116"},"modified":"2019-05-27T15:16:53","modified_gmt":"2019-05-27T13:16:53","slug":"obvestilo-o-rednih-letnih-meritvah-fakulteta-za-sport16-10-2010","status":"publish","type":"post","link":"http:\/\/www.tenis-krka.org\/?p=1116","title":{"rendered":"Obvestilo o rednih letnih meritvah (Fakulteta za \u0161port\/16. 10. 2010)"},"content":{"rendered":"<p><strong>Obvestilo o rednih letnih meritvah za igralce in igralke rojene od 2000 do 1994, ki bodo v soboto, 16. 10. 2010 na Fakulteti za \u0161port, Gortanova 22, Ljubljana.<\/strong><\/p>\n<p><strong> <\/strong><\/p>\n<p><strong> <\/strong><\/p>\n<p>Redne letne meritve motori\u010dnih sposobnosti in antropometri\u010dnih zna\u010dilnosti bodo potekale v soboto, 16. 10. 2010 za vse igralce in igralke, ki jih bosta povabila kapetana TZS.<\/p>\n<p>Info: <a href=\"http:\/\/www.tenis-krka.org\/wp-content\/uploads\/2010\/10\/2010-Obvestilo-meritve-in-dovoljenje1.doc\">2010 Obvestilo meritve in dovoljenje[1]<\/a><\/p>\n","protected":false},"excerpt":{"rendered":"<p>Obvestilo o rednih letnih meritvah za igralce in igralke rojene od 2000 do 1994, ki bodo v soboto, 16. 10. 2010 na Fakulteti za \u0161port, Gortanova 22, Ljubljana. Redne letne meritve motori\u010dnih sposobnosti in antropometri\u010dnih zna\u010dilnosti bodo potekale v soboto, 16. 10. 2010 za vse igralce in igralke, ki jih bosta povabila kapetana TZS. Info: [&hellip;]<\/p>\n","protected":false},"author":1,"featured_media":0,"comment_status":"closed","ping_status":"open","sticky":false,"template":"","format":"standard","meta":{"ngg_post_thumbnail":0,"footnotes":""},"categories":[1],"tags":[],"class_list":["post-1116","post","type-post","status-publish","format-standard","hentry","category-uncategorized"],"aioseo_notices":[],"_links":{"self":[{"href":"http:\/\/www.tenis-krka.org\/index.php?rest_route=\/wp\/v2\/posts\/1116","targetHints":{"allow":["GET"]}}],"collection":[{"href":"http:\/\/www.tenis-krka.org\/index.php?rest_route=\/wp\/v2\/posts"}],"about":[{"href":"http:\/\/www.tenis-krka.org\/index.php?rest_route=\/wp\/v2\/types\/post"}],"author":[{"embeddable":true,"href":"http:\/\/www.tenis-krka.org\/index.php?rest_route=\/wp\/v2\/users\/1"}],"replies":[{"embeddable":true,"href":"http:\/\/www.tenis-krka.org\/index.php?rest_route=%2Fwp%2Fv2%2Fcomments&post=1116"}],"version-history":[{"count":3,"href":"http:\/\/www.tenis-krka.org\/index.php?rest_route=\/wp\/v2\/posts\/1116\/revisions"}],"predecessor-version":[{"id":3714,"href":"http:\/\/www.tenis-krka.org\/index.php?rest_route=\/wp\/v2\/posts\/1116\/revisions\/3714"}],"wp:attachment":[{"href":"http:\/\/www.tenis-krka.org\/index.php?rest_route=%2Fwp%2Fv2%2Fmedia&parent=1116"}],"wp:term":[{"taxonomy":"category","embeddable":true,"href":"http:\/\/www.tenis-krka.org\/index.php?rest_route=%2Fwp%2Fv2%2Fcategories&post=1116"},{"taxonomy":"post_tag","embeddable":true,"href":"http:\/\/www.tenis-krka.org\/index.php?rest_route=%2Fwp%2Fv2%2Ftags&post=1116"}],"curies":[{"name":"wp","href":"https:\/\/api.w.org\/{rel}","templated":true}]}}